{"id":7352,"date":"2025-08-06T09:58:38","date_gmt":"2025-08-06T13:58:38","guid":{"rendered":"https:\/\/suanoticiaaqui.com.br\/news\/?p=7352"},"modified":"2025-08-06T09:58:38","modified_gmt":"2025-08-06T13:58:38","slug":"dossie-moraes-reune-denuncias-de-abusos-e-visa-subsidiar-impeachment","status":"publish","type":"post","link":"https:\/\/suanoticiaaqui.com.br\/news\/2025\/08\/06\/dossie-moraes-reune-denuncias-de-abusos-e-visa-subsidiar-impeachment\/","title":{"rendered":"Dossi\u00ea Moraes re\u00fane den\u00fancias de abusos e visa subsidiar impeachment"},"content":{"rendered":"\n<p>Arquivo colaborativo documenta viola\u00e7\u00f5es \u00e0 lei e persegui\u00e7\u00f5es atribu\u00eddas ao ministro do STF<\/p>\n\n\n\n<ul class=\"wp-block-list\">\n<li><a href=\"https:\/\/bradockshow.com.br\/author\/marcotoledo\/\"><\/a>por <a href=\"https:\/\/bradockshow.com.br\/author\/marcotoledo\/\">Marco Toledo<\/a><\/li>\n<\/ul>\n\n\n\n<p>O&nbsp;<a href=\"https:\/\/dossiemoraes.com\/?ref=bradockshow.com.br\">Dossi\u00ea Moraes<\/a>&nbsp;\u00e9 uma iniciativa c\u00edvica, independente e colaborativa que re\u00fane evid\u00eancias dos abusos cometidos pelo ministro Alexandre de Moraes contra garantias fundamentais no Brasil. Funciona como observat\u00f3rio e monitor do Estado de Direito, buscando embasar juridicamente um eventual pedido de impeachment.<\/p>\n\n\n\n<p>Organizado pelo professor e vereador Rodrigo Marcial, o projeto conta com apoio de juristas, parlamentares e cidad\u00e3os. Entre os nomes est\u00e3o Eduardo Gir\u00e3o, Marcel van Hattem, Gilson Marques, Deltan Dallagnol, Leandro Narloch e a economista Marina Helena. Casos registrados incluem persegui\u00e7\u00f5es a idosos, profissionais comuns, empres\u00e1rios e senadores.<\/p>\n\n\n\n<p>Baseado em documentos oficiais e marcos hist\u00f3ricos como a Carta Magna de 1215 e a Lei Magnitsky, o dossi\u00ea visa preservar a mem\u00f3ria desses epis\u00f3dios e oferecer \u00e0 sociedade instrumentos para questionar e reagir a eventuais abusos de poder.<\/p>\n","protected":false},"excerpt":{"rendered":"<p>Arquivo colaborativo documenta viola\u00e7\u00f5es \u00e0 lei e persegui\u00e7\u00f5es atribu\u00eddas ao ministro do STF O&nbsp;Dossi\u00ea Moraes&nbsp;\u00e9 uma iniciativa c\u00edvica, independente e&hellip;<\/p>\n","protected":false},"author":1,"featured_media":7353,"comment_status":"open","ping_status":"open","sticky":false,"template":"","format":"standard","meta":{"footnotes":""},"categories":[1],"tags":[],"class_list":["post-7352","post","type-post","status-publish","format-standard","has-post-thumbnail","hentry","category-uncategorized"],"_links":{"self":[{"href":"https:\/\/suanoticiaaqui.com.br\/news\/wp-json\/wp\/v2\/posts\/7352","targetHints":{"allow":["GET"]}}],"collection":[{"href":"https:\/\/suanoticiaaqui.com.br\/news\/wp-json\/wp\/v2\/posts"}],"about":[{"href":"https:\/\/suanoticiaaqui.com.br\/news\/wp-json\/wp\/v2\/types\/post"}],"author":[{"embeddable":true,"href":"https:\/\/suanoticiaaqui.com.br\/news\/wp-json\/wp\/v2\/users\/1"}],"replies":[{"embeddable":true,"href":"https:\/\/suanoticiaaqui.com.br\/news\/wp-json\/wp\/v2\/comments?post=7352"}],"version-history":[{"count":1,"href":"https:\/\/suanoticiaaqui.com.br\/news\/wp-json\/wp\/v2\/posts\/7352\/revisions"}],"predecessor-version":[{"id":7354,"href":"https:\/\/suanoticiaaqui.com.br\/news\/wp-json\/wp\/v2\/posts\/7352\/revisions\/7354"}],"wp:featuredmedia":[{"embeddable":true,"href":"https:\/\/suanoticiaaqui.com.br\/news\/wp-json\/wp\/v2\/media\/7353"}],"wp:attachment":[{"href":"https:\/\/suanoticiaaqui.com.br\/news\/wp-json\/wp\/v2\/media?parent=7352"}],"wp:term":[{"taxonomy":"category","embeddable":true,"href":"https:\/\/suanoticiaaqui.com.br\/news\/wp-json\/wp\/v2\/categories?post=7352"},{"taxonomy":"post_tag","embeddable":true,"href":"https:\/\/suanoticiaaqui.com.br\/news\/wp-json\/wp\/v2\/tags?post=7352"}],"curies":[{"name":"wp","href":"https:\/\/api.w.org\/{rel}","templated":true}]}}