{"id":7355,"date":"2025-08-06T09:59:32","date_gmt":"2025-08-06T13:59:32","guid":{"rendered":"https:\/\/suanoticiaaqui.com.br\/news\/?p=7355"},"modified":"2025-08-06T09:59:32","modified_gmt":"2025-08-06T13:59:32","slug":"afirmando-ser-de-faccao-rapaz-e-preso-apos-danificar-placas-e-ameacar-pms","status":"publish","type":"post","link":"https:\/\/suanoticiaaqui.com.br\/news\/2025\/08\/06\/afirmando-ser-de-faccao-rapaz-e-preso-apos-danificar-placas-e-ameacar-pms\/","title":{"rendered":"Afirmando ser de fac\u00e7\u00e3o, rapaz \u00e9 preso ap\u00f3s danificar placas e amea\u00e7ar PMs"},"content":{"rendered":"\n<ul class=\"wp-block-list\">\n<li>por\u00a0Luiz Guilherme e Sidnei Bronka<\/li>\n<\/ul>\n\n\n\n<p>Gustavo Henrique Fran\u00e7a da Silva, de 19 anos, foi preso por volta das 20h desta ter\u00e7a-feira (5\/8), por danos ao patrim\u00f4nio p\u00fablico, amea\u00e7a e desacato contra policiais militares em Douradina.<\/p>\n\n\n\n<p>Segundo o boletim de ocorr\u00eancia, a PM (Pol\u00edcia Militar) foi acionada para se deslocar at\u00e9 a Rua Juvenal Barroquel, no centro da cidade, depois que o rapaz foi flagrado danificando algumas placas de sinaliza\u00e7\u00e3o.<\/p>\n\n\n\n<p>Durante a abordagem, Gustavo que estava bastante alterado, passou a proferir amea\u00e7as contra a guarni\u00e7\u00e3o, chegando a dizer que pertence a uma fac\u00e7\u00e3o e que ao sair [da cadeia] comprar\u00e1 uma pistola para \u201cmatar todo mundo\u201d.<\/p>\n\n\n\n<p>Al\u00e9m disso, ele ainda resistiu \u00e0 pris\u00e3o, mas acabou contido, algemado e conduzido para a Depac (Delegacia de Pronto Atendimento Comunit\u00e1rio) em Dourados, onde acabou autuado em flagrante por amea\u00e7a, desacato e ainda danos ao patrim\u00f4nio p\u00fablico.<\/p>\n","protected":false},"excerpt":{"rendered":"<p>Gustavo Henrique Fran\u00e7a da Silva, de 19 anos, foi preso por volta das 20h desta ter\u00e7a-feira (5\/8), por danos ao&hellip;<\/p>\n","protected":false},"author":1,"featured_media":7356,"comment_status":"open","ping_status":"open","sticky":false,"template":"","format":"standard","meta":{"footnotes":""},"categories":[1],"tags":[],"class_list":["post-7355","post","type-post","status-publish","format-standard","has-post-thumbnail","hentry","category-uncategorized"],"_links":{"self":[{"href":"https:\/\/suanoticiaaqui.com.br\/news\/wp-json\/wp\/v2\/posts\/7355","targetHints":{"allow":["GET"]}}],"collection":[{"href":"https:\/\/suanoticiaaqui.com.br\/news\/wp-json\/wp\/v2\/posts"}],"about":[{"href":"https:\/\/suanoticiaaqui.com.br\/news\/wp-json\/wp\/v2\/types\/post"}],"author":[{"embeddable":true,"href":"https:\/\/suanoticiaaqui.com.br\/news\/wp-json\/wp\/v2\/users\/1"}],"replies":[{"embeddable":true,"href":"https:\/\/suanoticiaaqui.com.br\/news\/wp-json\/wp\/v2\/comments?post=7355"}],"version-history":[{"count":1,"href":"https:\/\/suanoticiaaqui.com.br\/news\/wp-json\/wp\/v2\/posts\/7355\/revisions"}],"predecessor-version":[{"id":7357,"href":"https:\/\/suanoticiaaqui.com.br\/news\/wp-json\/wp\/v2\/posts\/7355\/revisions\/7357"}],"wp:featuredmedia":[{"embeddable":true,"href":"https:\/\/suanoticiaaqui.com.br\/news\/wp-json\/wp\/v2\/media\/7356"}],"wp:attachment":[{"href":"https:\/\/suanoticiaaqui.com.br\/news\/wp-json\/wp\/v2\/media?parent=7355"}],"wp:term":[{"taxonomy":"category","embeddable":true,"href":"https:\/\/suanoticiaaqui.com.br\/news\/wp-json\/wp\/v2\/categories?post=7355"},{"taxonomy":"post_tag","embeddable":true,"href":"https:\/\/suanoticiaaqui.com.br\/news\/wp-json\/wp\/v2\/tags?post=7355"}],"curies":[{"name":"wp","href":"https:\/\/api.w.org\/{rel}","templated":true}]}}