{"id":7358,"date":"2025-08-06T10:00:21","date_gmt":"2025-08-06T14:00:21","guid":{"rendered":"https:\/\/suanoticiaaqui.com.br\/news\/?p=7358"},"modified":"2025-08-06T10:00:21","modified_gmt":"2025-08-06T14:00:21","slug":"individuo-e-preso-pela-policia-militar-apos-furtar-camelo-em-dourados","status":"publish","type":"post","link":"https:\/\/suanoticiaaqui.com.br\/news\/2025\/08\/06\/individuo-e-preso-pela-policia-militar-apos-furtar-camelo-em-dourados\/","title":{"rendered":"Indiv\u00edduo \u00e9 preso pela Pol\u00edcia Militar ap\u00f3s furtar camel\u00f4 em Dourados"},"content":{"rendered":"\n<ul class=\"wp-block-list\">\n<li>\u00a0por Luiz Guilherme e Sidnei Bronka<\/li>\n<\/ul>\n\n\n\n<p>Por volta das 16h desta ter\u00e7a-feira (5\/8), Jos\u00e9 Paulo da Silva Gomes, de 31 anos, foi preso pela PM (Pol\u00edcia Militar) acusado de furtar algumas mercadorias de um box de camel\u00f4, em Dourados.<\/p>\n\n\n\n<p>Segundo o boletim de ocorr\u00eancia, Jos\u00e9 Paulo levou do local v\u00e1rios fones de ouvido, bateria de celular, tr\u00eas bon\u00e9s, carteiras, pe\u00e7as de bijuteria, um receptador Alpha Play e adaptador Mi TV Stick.<\/p>\n\n\n\n<p>Ao perceber o crime e que o autor deixava o com\u00e9rcio em uma bicicleta, a v\u00edtima acionou os policiais militares que j\u00e1 realizavam rondas na Avenida Marcelino Pires.<\/p>\n\n\n\n<p>Ainda conforme o registro policial, o autor foi identificado e detido na Rua Jo\u00e3o Vicente Ferreira com a Rua Gaspar de Alencastro, na Vila Maxwell.<\/p>\n\n\n\n<p>Diante das evid\u00eancias, Jos\u00e9 Paulo recebeu voz de pris\u00e3o e junto com os itens furtados, foi conduzido at\u00e9 a Depac (Delegacia de Pronto Atendimento Comunit\u00e1rio), sendo autuado em flagrante.<\/p>\n","protected":false},"excerpt":{"rendered":"<p>Por volta das 16h desta ter\u00e7a-feira (5\/8), Jos\u00e9 Paulo da Silva Gomes, de 31 anos, foi preso pela PM (Pol\u00edcia&hellip;<\/p>\n","protected":false},"author":1,"featured_media":7359,"comment_status":"open","ping_status":"open","sticky":false,"template":"","format":"standard","meta":{"footnotes":""},"categories":[1],"tags":[],"class_list":["post-7358","post","type-post","status-publish","format-standard","has-post-thumbnail","hentry","category-uncategorized"],"_links":{"self":[{"href":"https:\/\/suanoticiaaqui.com.br\/news\/wp-json\/wp\/v2\/posts\/7358","targetHints":{"allow":["GET"]}}],"collection":[{"href":"https:\/\/suanoticiaaqui.com.br\/news\/wp-json\/wp\/v2\/posts"}],"about":[{"href":"https:\/\/suanoticiaaqui.com.br\/news\/wp-json\/wp\/v2\/types\/post"}],"author":[{"embeddable":true,"href":"https:\/\/suanoticiaaqui.com.br\/news\/wp-json\/wp\/v2\/users\/1"}],"replies":[{"embeddable":true,"href":"https:\/\/suanoticiaaqui.com.br\/news\/wp-json\/wp\/v2\/comments?post=7358"}],"version-history":[{"count":1,"href":"https:\/\/suanoticiaaqui.com.br\/news\/wp-json\/wp\/v2\/posts\/7358\/revisions"}],"predecessor-version":[{"id":7360,"href":"https:\/\/suanoticiaaqui.com.br\/news\/wp-json\/wp\/v2\/posts\/7358\/revisions\/7360"}],"wp:featuredmedia":[{"embeddable":true,"href":"https:\/\/suanoticiaaqui.com.br\/news\/wp-json\/wp\/v2\/media\/7359"}],"wp:attachment":[{"href":"https:\/\/suanoticiaaqui.com.br\/news\/wp-json\/wp\/v2\/media?parent=7358"}],"wp:term":[{"taxonomy":"category","embeddable":true,"href":"https:\/\/suanoticiaaqui.com.br\/news\/wp-json\/wp\/v2\/categories?post=7358"},{"taxonomy":"post_tag","embeddable":true,"href":"https:\/\/suanoticiaaqui.com.br\/news\/wp-json\/wp\/v2\/tags?post=7358"}],"curies":[{"name":"wp","href":"https:\/\/api.w.org\/{rel}","templated":true}]}}