{"id":7361,"date":"2025-08-06T10:02:04","date_gmt":"2025-08-06T14:02:04","guid":{"rendered":"https:\/\/suanoticiaaqui.com.br\/news\/?p=7361"},"modified":"2025-08-06T10:02:04","modified_gmt":"2025-08-06T14:02:04","slug":"gustavo-gayer-propoe-lei-semelhante-a-magnitsky-contra-corrupcao-e-abusos","status":"publish","type":"post","link":"https:\/\/suanoticiaaqui.com.br\/news\/2025\/08\/06\/gustavo-gayer-propoe-lei-semelhante-a-magnitsky-contra-corrupcao-e-abusos\/","title":{"rendered":"Gustavo Gayer prop\u00f5e lei semelhante \u00e0 Magnitsky contra corrup\u00e7\u00e3o e abusos"},"content":{"rendered":"\n<p>Projeto \u201cClez\u00e3o-Silveira\u201d mira viola\u00e7\u00f5es graves e endurece san\u00e7\u00f5es administrativas<\/p>\n\n\n\n<ul class=\"wp-block-list\">\n<li><a href=\"https:\/\/bradockshow.com.br\/author\/marcotoledo\/\"><\/a>por <a href=\"https:\/\/bradockshow.com.br\/author\/marcotoledo\/\">Marco Toledo<\/a><\/li>\n<\/ul>\n\n\n\n<p>O deputado federal Gustavo Gayer (PL-GO) protocolou nesta segunda (4.ago) o PL 3681\/2025, batizado de \u201cLei Clez\u00e3o-Silveira\u201d, inspirado diretamente na Magnitsky Act, adotada pelos EUA.<\/p>\n\n\n\n<p>A proposta prev\u00ea san\u00e7\u00f5es administrativas contra indiv\u00edduos e empresas envolvidos em crimes como corrup\u00e7\u00e3o, tr\u00e1fico de drogas, abuso de autoridade, crimes hediondos e viola\u00e7\u00f5es de direitos humanos.<\/p>\n\n\n\n<p>O texto prev\u00ea puni\u00e7\u00f5es como congelamento de ativos, suspens\u00e3o de benef\u00edcios fiscais, bloqueio de contas, restri\u00e7\u00f5es a servi\u00e7os de telefonia e internet e san\u00e7\u00f5es a estrangeiros. Empresas que descumprirem as medidas tamb\u00e9m poder\u00e3o sofrer multas e bloqueios no sistema financeiro nacional.<\/p>\n\n\n\n<p>A iniciativa surge em meio a preocupa\u00e7\u00f5es com decis\u00f5es judiciais que, sob pretexto de defender a democracia, acabam ferindo garantias fundamentais. Gayer homenageia Clez\u00e3o e Daniel Silveira, refor\u00e7ando sua defesa da liberdade e do equil\u00edbrio entre os poderes.<\/p>\n","protected":false},"excerpt":{"rendered":"<p>Projeto \u201cClez\u00e3o-Silveira\u201d mira viola\u00e7\u00f5es graves e endurece san\u00e7\u00f5es administrativas O deputado federal Gustavo Gayer (PL-GO) protocolou nesta segunda (4.ago) o&hellip;<\/p>\n","protected":false},"author":1,"featured_media":7362,"comment_status":"open","ping_status":"open","sticky":false,"template":"","format":"standard","meta":{"footnotes":""},"categories":[1],"tags":[],"class_list":["post-7361","post","type-post","status-publish","format-standard","has-post-thumbnail","hentry","category-uncategorized"],"_links":{"self":[{"href":"https:\/\/suanoticiaaqui.com.br\/news\/wp-json\/wp\/v2\/posts\/7361","targetHints":{"allow":["GET"]}}],"collection":[{"href":"https:\/\/suanoticiaaqui.com.br\/news\/wp-json\/wp\/v2\/posts"}],"about":[{"href":"https:\/\/suanoticiaaqui.com.br\/news\/wp-json\/wp\/v2\/types\/post"}],"author":[{"embeddable":true,"href":"https:\/\/suanoticiaaqui.com.br\/news\/wp-json\/wp\/v2\/users\/1"}],"replies":[{"embeddable":true,"href":"https:\/\/suanoticiaaqui.com.br\/news\/wp-json\/wp\/v2\/comments?post=7361"}],"version-history":[{"count":1,"href":"https:\/\/suanoticiaaqui.com.br\/news\/wp-json\/wp\/v2\/posts\/7361\/revisions"}],"predecessor-version":[{"id":7363,"href":"https:\/\/suanoticiaaqui.com.br\/news\/wp-json\/wp\/v2\/posts\/7361\/revisions\/7363"}],"wp:featuredmedia":[{"embeddable":true,"href":"https:\/\/suanoticiaaqui.com.br\/news\/wp-json\/wp\/v2\/media\/7362"}],"wp:attachment":[{"href":"https:\/\/suanoticiaaqui.com.br\/news\/wp-json\/wp\/v2\/media?parent=7361"}],"wp:term":[{"taxonomy":"category","embeddable":true,"href":"https:\/\/suanoticiaaqui.com.br\/news\/wp-json\/wp\/v2\/categories?post=7361"},{"taxonomy":"post_tag","embeddable":true,"href":"https:\/\/suanoticiaaqui.com.br\/news\/wp-json\/wp\/v2\/tags?post=7361"}],"curies":[{"name":"wp","href":"https:\/\/api.w.org\/{rel}","templated":true}]}}