{"id":7364,"date":"2025-08-06T10:02:55","date_gmt":"2025-08-06T14:02:55","guid":{"rendered":"https:\/\/suanoticiaaqui.com.br\/news\/?p=7364"},"modified":"2025-08-06T10:02:55","modified_gmt":"2025-08-06T14:02:55","slug":"denuncia-aponta-que-moraes-violou-lgpd-em-apuracoes-do-8-de-janeiro","status":"publish","type":"post","link":"https:\/\/suanoticiaaqui.com.br\/news\/2025\/08\/06\/denuncia-aponta-que-moraes-violou-lgpd-em-apuracoes-do-8-de-janeiro\/","title":{"rendered":"Den\u00fancia aponta que Moraes violou LGPD em apura\u00e7\u00f5es do 8 de Janeiro"},"content":{"rendered":"\n<p>Relat\u00f3rio internacional revela uso irregular de dados biom\u00e9tricos e redes sociais por equipe ligada ao TSE<\/p>\n\n\n\n<ul class=\"wp-block-list\">\n<li><a href=\"https:\/\/bradockshow.com.br\/author\/marcotoledo\/\"><\/a>por <a href=\"https:\/\/bradockshow.com.br\/author\/marcotoledo\/\">Marco Toledo<\/a><\/li>\n<\/ul>\n\n\n\n<p>Um relat\u00f3rio da organiza\u00e7\u00e3o americana Civilization Works aponta que o ministro Alexandre de Moraes teria violado a Lei Geral de Prote\u00e7\u00e3o de Dados (LGPD) ao conduzir investiga\u00e7\u00f5es sobre os atos de 8 de janeiro de 2023.<\/p>\n\n\n\n<p>A den\u00fancia revela o uso de dados biom\u00e9tricos e informa\u00e7\u00f5es de redes sociais por equipes do TSE, sem respaldo legal ou autoriza\u00e7\u00e3o judicial.<\/p>\n\n\n\n<p>Mensagens vazadas indicam que a AEED, Assessoria Especial de Enfrentamento \u00e0 Desinforma\u00e7\u00e3o, teria operado como estrutura paralela de apura\u00e7\u00e3o criminal, acessando o banco GestBio, com dados sens\u00edveis de eleitores, e cruzando com postagens em redes sociais para produzir relat\u00f3rios internos.<\/p>\n\n\n\n<p>Segundo a organiza\u00e7\u00e3o, essas certid\u00f5es n\u00e3o foram inclu\u00eddas nos autos nem acessadas pelas defesas.<\/p>\n\n\n\n<p>A publica\u00e7\u00e3o ainda aponta que servidores do TSE teriam recebido listas informais de detidos diretamente da Pol\u00edcia Federal, sem cadeia de cust\u00f3dia formal.<\/p>\n\n\n\n<p>O material estaria sendo utilizado fora dos canais legais estabelecidos, levantando s\u00e9rias preocupa\u00e7\u00f5es sobre abuso de autoridade e viola\u00e7\u00e3o de direitos fundamentais.<\/p>\n","protected":false},"excerpt":{"rendered":"<p>Relat\u00f3rio internacional revela uso irregular de dados biom\u00e9tricos e redes sociais por equipe ligada ao TSE Um relat\u00f3rio da organiza\u00e7\u00e3o&hellip;<\/p>\n","protected":false},"author":1,"featured_media":7365,"comment_status":"open","ping_status":"open","sticky":false,"template":"","format":"standard","meta":{"footnotes":""},"categories":[1],"tags":[],"class_list":["post-7364","post","type-post","status-publish","format-standard","has-post-thumbnail","hentry","category-uncategorized"],"_links":{"self":[{"href":"https:\/\/suanoticiaaqui.com.br\/news\/wp-json\/wp\/v2\/posts\/7364","targetHints":{"allow":["GET"]}}],"collection":[{"href":"https:\/\/suanoticiaaqui.com.br\/news\/wp-json\/wp\/v2\/posts"}],"about":[{"href":"https:\/\/suanoticiaaqui.com.br\/news\/wp-json\/wp\/v2\/types\/post"}],"author":[{"embeddable":true,"href":"https:\/\/suanoticiaaqui.com.br\/news\/wp-json\/wp\/v2\/users\/1"}],"replies":[{"embeddable":true,"href":"https:\/\/suanoticiaaqui.com.br\/news\/wp-json\/wp\/v2\/comments?post=7364"}],"version-history":[{"count":1,"href":"https:\/\/suanoticiaaqui.com.br\/news\/wp-json\/wp\/v2\/posts\/7364\/revisions"}],"predecessor-version":[{"id":7366,"href":"https:\/\/suanoticiaaqui.com.br\/news\/wp-json\/wp\/v2\/posts\/7364\/revisions\/7366"}],"wp:featuredmedia":[{"embeddable":true,"href":"https:\/\/suanoticiaaqui.com.br\/news\/wp-json\/wp\/v2\/media\/7365"}],"wp:attachment":[{"href":"https:\/\/suanoticiaaqui.com.br\/news\/wp-json\/wp\/v2\/media?parent=7364"}],"wp:term":[{"taxonomy":"category","embeddable":true,"href":"https:\/\/suanoticiaaqui.com.br\/news\/wp-json\/wp\/v2\/categories?post=7364"},{"taxonomy":"post_tag","embeddable":true,"href":"https:\/\/suanoticiaaqui.com.br\/news\/wp-json\/wp\/v2\/tags?post=7364"}],"curies":[{"name":"wp","href":"https:\/\/api.w.org\/{rel}","templated":true}]}}