{"id":7367,"date":"2025-08-06T10:03:49","date_gmt":"2025-08-06T14:03:49","guid":{"rendered":"https:\/\/suanoticiaaqui.com.br\/news\/?p=7367"},"modified":"2025-08-06T10:03:49","modified_gmt":"2025-08-06T14:03:49","slug":"policias-civil-e-militar-prendem-envolvidos-com-furtos-trafico-e-receptacao","status":"publish","type":"post","link":"https:\/\/suanoticiaaqui.com.br\/news\/2025\/08\/06\/policias-civil-e-militar-prendem-envolvidos-com-furtos-trafico-e-receptacao\/","title":{"rendered":"Pol\u00edcias Civil e Militar prendem envolvidos com furtos, tr\u00e1fico e recepta\u00e7\u00e3o"},"content":{"rendered":"\n<ul class=\"wp-block-list\">\n<li>\u00a0por Ligado na Noticia<\/li>\n<\/ul>\n\n\n\n<p>Nesta segunda-feira (4\/8), as for\u00e7as policiais de Caarap\u00f3 deflagraram opera\u00e7\u00e3o no intuito de prender o autor de dezenas de furtos qualificados praticados no centro comercial daquela cidade, entre os meses de julho e agosto do ano corrente, previamente identificado em relat\u00f3rios de investiga\u00e7\u00e3o como sendo um rapaz de 23 anos.<\/p>\n\n\n\n<p>Durante r\u00e1pida a\u00e7\u00e3o, foi constatado que parte dos produtos furtados de uma das lojas comerciais naquela madrugada estavam localizados em um im\u00f3vel que j\u00e1 estava sendo monitorado como ponto de venda de drogas.<\/p>\n\n\n\n<p>No interior da resid\u00eancia, foram apreendidas drogas il\u00edcitas, celulares e rel\u00f3gios furtados, expressiva quantidade de dinheiro de origem n\u00e3o comprovada, al\u00e9m da bicicleta utilizada nos furtos.<\/p>\n\n\n\n<p>Com o desdobramento das dilig\u00eancias, foi preso em flagrante delito outro indiv\u00edduo, de 22 anos, e um adolescente rec\u00e9m egresso da Unidade Educacional de Interna\u00e7\u00e3o, j\u00e1 apreendido em diversas ocorr\u00eancias de furto qualificado, tr\u00e1fico de drogas e adultera\u00e7\u00e3o de sinal de ve\u00edculo automotor.<\/p>\n\n\n\n<p>Em continuidade, as equipes realizaram intensos esfor\u00e7os para localizar o autor dos furtos mediante emprego de varreduras de per\u00edmetros suspeitos e t\u00e9cnicas de intelig\u00eancia policial, vindo a finalmente realizar um cerco onde o autor estava abrigado. Ap\u00f3s certa fuga, o primeiro rapaz foi rendido, abordado e preso em flagrante delito. Na Delegacia de Pol\u00edcia, o flagrado confessou e foi indiciado pela pr\u00e1tica de ao menos 8 furtos nos \u00faltimos dias.<\/p>\n\n\n\n<p>Ele saiu do Estabelecimento Penal em maio deste ano e agora est\u00e1 novamente \u00e0 disposi\u00e7\u00e3o da Justi\u00e7a.<\/p>\n","protected":false},"excerpt":{"rendered":"<p>Nesta segunda-feira (4\/8), as for\u00e7as policiais de Caarap\u00f3 deflagraram opera\u00e7\u00e3o no intuito de prender o autor de dezenas de furtos&hellip;<\/p>\n","protected":false},"author":1,"featured_media":7368,"comment_status":"open","ping_status":"open","sticky":false,"template":"","format":"standard","meta":{"footnotes":""},"categories":[1],"tags":[],"class_list":["post-7367","post","type-post","status-publish","format-standard","has-post-thumbnail","hentry","category-uncategorized"],"_links":{"self":[{"href":"https:\/\/suanoticiaaqui.com.br\/news\/wp-json\/wp\/v2\/posts\/7367","targetHints":{"allow":["GET"]}}],"collection":[{"href":"https:\/\/suanoticiaaqui.com.br\/news\/wp-json\/wp\/v2\/posts"}],"about":[{"href":"https:\/\/suanoticiaaqui.com.br\/news\/wp-json\/wp\/v2\/types\/post"}],"author":[{"embeddable":true,"href":"https:\/\/suanoticiaaqui.com.br\/news\/wp-json\/wp\/v2\/users\/1"}],"replies":[{"embeddable":true,"href":"https:\/\/suanoticiaaqui.com.br\/news\/wp-json\/wp\/v2\/comments?post=7367"}],"version-history":[{"count":1,"href":"https:\/\/suanoticiaaqui.com.br\/news\/wp-json\/wp\/v2\/posts\/7367\/revisions"}],"predecessor-version":[{"id":7369,"href":"https:\/\/suanoticiaaqui.com.br\/news\/wp-json\/wp\/v2\/posts\/7367\/revisions\/7369"}],"wp:featuredmedia":[{"embeddable":true,"href":"https:\/\/suanoticiaaqui.com.br\/news\/wp-json\/wp\/v2\/media\/7368"}],"wp:attachment":[{"href":"https:\/\/suanoticiaaqui.com.br\/news\/wp-json\/wp\/v2\/media?parent=7367"}],"wp:term":[{"taxonomy":"category","embeddable":true,"href":"https:\/\/suanoticiaaqui.com.br\/news\/wp-json\/wp\/v2\/categories?post=7367"},{"taxonomy":"post_tag","embeddable":true,"href":"https:\/\/suanoticiaaqui.com.br\/news\/wp-json\/wp\/v2\/tags?post=7367"}],"curies":[{"name":"wp","href":"https:\/\/api.w.org\/{rel}","templated":true}]}}