{"id":7370,"date":"2025-08-06T10:05:57","date_gmt":"2025-08-06T14:05:57","guid":{"rendered":"https:\/\/suanoticiaaqui.com.br\/news\/?p=7370"},"modified":"2025-08-06T10:05:57","modified_gmt":"2025-08-06T14:05:57","slug":"trump-esta-certo-sobre-o-brasil-diz-artigo-do-the-hill","status":"publish","type":"post","link":"https:\/\/suanoticiaaqui.com.br\/news\/2025\/08\/06\/trump-esta-certo-sobre-o-brasil-diz-artigo-do-the-hill\/","title":{"rendered":"Trump est\u00e1 certo sobre o Brasil, diz artigo do The Hill"},"content":{"rendered":"\n<p>Jornal americano defende san\u00e7\u00f5es contra Moraes e critica abusos do STF<\/p>\n\n\n\n<ul class=\"wp-block-list\">\n<li><a href=\"https:\/\/bradockshow.com.br\/author\/marcotoledo\/\"><\/a>por <a href=\"https:\/\/bradockshow.com.br\/author\/marcotoledo\/\">Marco Toledo<\/a><\/li>\n<\/ul>\n\n\n\n<p>Em artigo publicado no jornal norte-americano&nbsp;<em>The Hill<\/em>, o colunista James Varney afirma que Donald Trump est\u00e1 certo ao denunciar a atua\u00e7\u00e3o autorit\u00e1ria do Supremo Tribunal Federal no Brasil.<\/p>\n\n\n\n<p>Intitulado&nbsp;<em>\u201cSad to say it, but Trump is right about Brazil\u201d<\/em>, o texto descreve Alexandre de Moraes como um \u201cviolador dos direitos humanos\u201d e justifica as san\u00e7\u00f5es impostas pelos Estados Unidos ao ministro do STF.<\/p>\n\n\n\n<p>Varney critica o uso das institui\u00e7\u00f5es brasileiras para silenciar a oposi\u00e7\u00e3o e diz que impor ainda mais restri\u00e7\u00f5es \u00e0 liberdade de Jair Bolsonaro n\u00e3o \u00e9 um servi\u00e7o p\u00fablico.<\/p>\n\n\n\n<p>Para o jornalista, o governo americano tem raz\u00e3o ao condenar a pris\u00e3o domiciliar imposta a Bolsonaro e promete responsabilizar todos que colaboram com a\u00e7\u00f5es sancionadas.<\/p>\n\n\n\n<p>O artigo retrata o Brasil como um exemplo preocupante de autoritarismo disfar\u00e7ado de legalidade, destacando que censura, persegui\u00e7\u00e3o pol\u00edtica e ativismo judicial colocam em risco a verdadeira liberdade.<\/p>\n","protected":false},"excerpt":{"rendered":"<p>Jornal americano defende san\u00e7\u00f5es contra Moraes e critica abusos do STF Em artigo publicado no jornal norte-americano&nbsp;The Hill, o colunista&hellip;<\/p>\n","protected":false},"author":1,"featured_media":7371,"comment_status":"open","ping_status":"open","sticky":false,"template":"","format":"standard","meta":{"footnotes":""},"categories":[1],"tags":[],"class_list":["post-7370","post","type-post","status-publish","format-standard","has-post-thumbnail","hentry","category-uncategorized"],"_links":{"self":[{"href":"https:\/\/suanoticiaaqui.com.br\/news\/wp-json\/wp\/v2\/posts\/7370","targetHints":{"allow":["GET"]}}],"collection":[{"href":"https:\/\/suanoticiaaqui.com.br\/news\/wp-json\/wp\/v2\/posts"}],"about":[{"href":"https:\/\/suanoticiaaqui.com.br\/news\/wp-json\/wp\/v2\/types\/post"}],"author":[{"embeddable":true,"href":"https:\/\/suanoticiaaqui.com.br\/news\/wp-json\/wp\/v2\/users\/1"}],"replies":[{"embeddable":true,"href":"https:\/\/suanoticiaaqui.com.br\/news\/wp-json\/wp\/v2\/comments?post=7370"}],"version-history":[{"count":1,"href":"https:\/\/suanoticiaaqui.com.br\/news\/wp-json\/wp\/v2\/posts\/7370\/revisions"}],"predecessor-version":[{"id":7372,"href":"https:\/\/suanoticiaaqui.com.br\/news\/wp-json\/wp\/v2\/posts\/7370\/revisions\/7372"}],"wp:featuredmedia":[{"embeddable":true,"href":"https:\/\/suanoticiaaqui.com.br\/news\/wp-json\/wp\/v2\/media\/7371"}],"wp:attachment":[{"href":"https:\/\/suanoticiaaqui.com.br\/news\/wp-json\/wp\/v2\/media?parent=7370"}],"wp:term":[{"taxonomy":"category","embeddable":true,"href":"https:\/\/suanoticiaaqui.com.br\/news\/wp-json\/wp\/v2\/categories?post=7370"},{"taxonomy":"post_tag","embeddable":true,"href":"https:\/\/suanoticiaaqui.com.br\/news\/wp-json\/wp\/v2\/tags?post=7370"}],"curies":[{"name":"wp","href":"https:\/\/api.w.org\/{rel}","templated":true}]}}