{"id":7373,"date":"2025-08-06T10:06:50","date_gmt":"2025-08-06T14:06:50","guid":{"rendered":"https:\/\/suanoticiaaqui.com.br\/news\/?p=7373"},"modified":"2025-08-06T10:06:50","modified_gmt":"2025-08-06T14:06:50","slug":"dracco-cumpre-4-mandados-de-prisao-durante-operacao-protetor-de-divisas","status":"publish","type":"post","link":"https:\/\/suanoticiaaqui.com.br\/news\/2025\/08\/06\/dracco-cumpre-4-mandados-de-prisao-durante-operacao-protetor-de-divisas\/","title":{"rendered":"Dracco cumpre 4 mandados de pris\u00e3o durante opera\u00e7\u00e3o \u201cProtetor de Divisas\u201d"},"content":{"rendered":"\n<ul class=\"wp-block-list\">\n<li>\u00a0por Ligado na Noticia<\/li>\n<\/ul>\n\n\n\n<p>O Dracco (Departamento de Repress\u00e3o \u00e0 Corrup\u00e7\u00e3o e ao Crime Organizado) cumpriu nesta segunda-feira (4\/8), em Corumb\u00e1, quatro mandados de pris\u00e3o contra acusados de diversos crimes, no \u00e2mbito da opera\u00e7\u00e3o \u201cProtetor de Divisas\u201d.<\/p>\n\n\n\n<p>A opera\u00e7\u00e3o tem como foco o enfrentamento qualificado ao crime organizado que atua na regi\u00e3o de fronteira, onde organiza\u00e7\u00f5es criminosas se aproveitam da geografia estrat\u00e9gica para fomentar atividades il\u00edcitas como tr\u00e1fico de drogas, homic\u00eddios, recepta\u00e7\u00f5es e ataques a servidores p\u00fablicos.<\/p>\n\n\n\n<p>O primeiro alvo preso era investigado por homic\u00eddio, enquanto o segundo por inc\u00eandio criminoso, ap\u00f3s atear fogo no ve\u00edculo de uma policial penal como retalia\u00e7\u00e3o direta \u00e0 sua atua\u00e7\u00e3o profissional, evidenciando o risco enfrentado diariamente pelos agentes de seguran\u00e7a;<\/p>\n\n\n\n<p>Tanto o terceiro, quanto o quarto alvo, foram detidos em flagrante pelo crime de recepta\u00e7\u00e3o e les\u00e3o corporal, com antecedentes por homic\u00eddio, respectivamente.<\/p>\n\n\n\n<p>Todos os presos foram encaminhados para exame de corpo de delito e, posteriormente, apresentados na 1\u00aa Delegacia de Pol\u00edcia de Corumb\u00e1, onde permanecem \u00e0 disposi\u00e7\u00e3o da Justi\u00e7a.<\/p>\n","protected":false},"excerpt":{"rendered":"<p>O Dracco (Departamento de Repress\u00e3o \u00e0 Corrup\u00e7\u00e3o e ao Crime Organizado) cumpriu nesta segunda-feira (4\/8), em Corumb\u00e1, quatro mandados de&hellip;<\/p>\n","protected":false},"author":1,"featured_media":7374,"comment_status":"open","ping_status":"open","sticky":false,"template":"","format":"standard","meta":{"footnotes":""},"categories":[1],"tags":[],"class_list":["post-7373","post","type-post","status-publish","format-standard","has-post-thumbnail","hentry","category-uncategorized"],"_links":{"self":[{"href":"https:\/\/suanoticiaaqui.com.br\/news\/wp-json\/wp\/v2\/posts\/7373","targetHints":{"allow":["GET"]}}],"collection":[{"href":"https:\/\/suanoticiaaqui.com.br\/news\/wp-json\/wp\/v2\/posts"}],"about":[{"href":"https:\/\/suanoticiaaqui.com.br\/news\/wp-json\/wp\/v2\/types\/post"}],"author":[{"embeddable":true,"href":"https:\/\/suanoticiaaqui.com.br\/news\/wp-json\/wp\/v2\/users\/1"}],"replies":[{"embeddable":true,"href":"https:\/\/suanoticiaaqui.com.br\/news\/wp-json\/wp\/v2\/comments?post=7373"}],"version-history":[{"count":1,"href":"https:\/\/suanoticiaaqui.com.br\/news\/wp-json\/wp\/v2\/posts\/7373\/revisions"}],"predecessor-version":[{"id":7375,"href":"https:\/\/suanoticiaaqui.com.br\/news\/wp-json\/wp\/v2\/posts\/7373\/revisions\/7375"}],"wp:featuredmedia":[{"embeddable":true,"href":"https:\/\/suanoticiaaqui.com.br\/news\/wp-json\/wp\/v2\/media\/7374"}],"wp:attachment":[{"href":"https:\/\/suanoticiaaqui.com.br\/news\/wp-json\/wp\/v2\/media?parent=7373"}],"wp:term":[{"taxonomy":"category","embeddable":true,"href":"https:\/\/suanoticiaaqui.com.br\/news\/wp-json\/wp\/v2\/categories?post=7373"},{"taxonomy":"post_tag","embeddable":true,"href":"https:\/\/suanoticiaaqui.com.br\/news\/wp-json\/wp\/v2\/tags?post=7373"}],"curies":[{"name":"wp","href":"https:\/\/api.w.org\/{rel}","templated":true}]}}