{"id":7379,"date":"2025-08-06T10:10:32","date_gmt":"2025-08-06T14:10:32","guid":{"rendered":"https:\/\/suanoticiaaqui.com.br\/news\/?p=7379"},"modified":"2025-08-06T10:10:32","modified_gmt":"2025-08-06T14:10:32","slug":"policia-localiza-caminhonete-usada-por-brasileiro-em-atentado-na-fronteiraandres-garcia-petrale-o-ratinho-agiu-na-companhia-de-funcionario-tambem-com-prisao-decretada","status":"publish","type":"post","link":"https:\/\/suanoticiaaqui.com.br\/news\/2025\/08\/06\/policia-localiza-caminhonete-usada-por-brasileiro-em-atentado-na-fronteiraandres-garcia-petrale-o-ratinho-agiu-na-companhia-de-funcionario-tambem-com-prisao-decretada\/","title":{"rendered":"Pol\u00edcia localiza caminhonete usada por brasileiro em atentado na fronteiraAndr\u00e9s Garcia Petrale, o \u201cRatinho\u201d, agiu na companhia de funcion\u00e1rio, tamb\u00e9m com pris\u00e3o decretada"},"content":{"rendered":"\n<p>Por Helio de Freitas, de Dourados\u2026 veja mais em https:\/\/www.campograndenews.com.br\/cidades\/interior\/policia-localiza-caminhonete-usada-por-brasileiro-em-atentado-na-fronteira<\/p>\n\n\n\n<p>A Pol\u00edcia Nacional do Paraguai localizou nesta ter\u00e7a-feira (5) a caminhonete Chevrolet Silverado branca, usada no atentado a tiros com armas de guerra, ocorrido na madrugada de 11 de julho deste ano em Corpus Christi, povoado localizado a 15 km de Sete Quedas (MS).<\/p>\n\n\n\n<p>O ve\u00edculo pertence ao brasileiro Andr\u00e9s Garcia Petrale, 39, o \u201cRatinho\u201d, apontado como um dos autores dos tiros. Ele est\u00e1 sendo procurado na linha internacional, assim como seu empregado, Julio C\u00e9sar Enciso Ru\u00edz D\u00edaz, de 24 anos. De acordo com investigadores paraguaios, o alvo do atentado foi o comerciante Luiz Antonio Villalba Pedrozo, 35.<\/p>\n\n\n\n<p><br>C\u00e2mera de monitoramento flagrou o momento em que os dois homens usaram a Silverado para derrubar o port\u00e3o da casa (veja o v\u00eddeo abaixo). Depois, entraram no im\u00f3vel e dispararam v\u00e1rios tiros. Luiz Antonio, a esposa gr\u00e1vida e os dois filhos pequenos do casal n\u00e3o foram atingidos.<\/p>\n\n\n\n<p>A caminhonete, com avarias no para-choque traseiro e na lateral esquerda, foi encontrada em uma oficina de funilaria e pintura em Katuet\u00e9, povoado a 38 km do local do atentado e a 55 km do territ\u00f3rio sul-mato-grossense. Um drone foi usado para localizar o ve\u00edculo suspeito, que foi apreendido e levado para a sede local da Pol\u00edcia Nacional.<\/p>\n\n\n\n<p>Ouvido e liberado \u2013 No dia 25 de julho, quando j\u00e1 estava sendo procurado por toda a pol\u00edcia da fronteira, Andr\u00e9s Garcia Petrale se apresentou na sede do Minist\u00e9rio P\u00fablico em Katuet\u00e9 e foi interrogado pela promotora Cleider Marlene Vel\u00e1zquez L\u00f3pez. Ap\u00f3s o depoimento, a promotora cancelou a ordem de pris\u00e3o contra ele, mas n\u00e3o comunicou o fato \u00e0 Pol\u00edcia Nacional.<\/p>\n\n\n\n<p>A medida provocou crise entre Minist\u00e9rio P\u00fablico e pol\u00edcia. Na segunda-feira (3), o procurador-adjunto do departamento de Canindey\u00fa, Diego Augusto Ovando, transferiu a promotora Cleider Marlene e designou para seu lugar o promotor \u00d3scar Javier Paredes. A pris\u00e3o de Andr\u00e9s Garcia Petrale foi decretada novamente e as buscas contra ele retomadas.<\/p>\n\n\n\n<p>Execu\u00e7\u00e3o \u2013 Andr\u00e9s Garcia Petrale tamb\u00e9m \u00e9 implicado no assassinato de Denis Barrios Valenzuela, 24, ocorrido em Corpus Christi em janeiro deste ano, e na tentativa de resgate de um dos autores materiais do crime quando ele j\u00e1 estava detido pela pol\u00edcia paraguaia.<\/p>\n\n\n\n<p>Segundo a imprensa do Paraguai, uma das caminhonetes usadas pelos pistoleiros que executaram Denis Valenzuela e depois na tentativa de resgate estava registrada em nome de Andr\u00e9s Garcia Petrale\u2026.<\/p>\n\n\n\n<p><\/p>\n","protected":false},"excerpt":{"rendered":"<p>Por Helio de Freitas, de Dourados\u2026 veja mais em https:\/\/www.campograndenews.com.br\/cidades\/interior\/policia-localiza-caminhonete-usada-por-brasileiro-em-atentado-na-fronteira A Pol\u00edcia Nacional do Paraguai localizou nesta ter\u00e7a-feira (5) a&hellip;<\/p>\n","protected":false},"author":1,"featured_media":7380,"comment_status":"open","ping_status":"open","sticky":false,"template":"","format":"standard","meta":{"footnotes":""},"categories":[1],"tags":[],"class_list":["post-7379","post","type-post","status-publish","format-standard","has-post-thumbnail","hentry","category-uncategorized"],"_links":{"self":[{"href":"https:\/\/suanoticiaaqui.com.br\/news\/wp-json\/wp\/v2\/posts\/7379","targetHints":{"allow":["GET"]}}],"collection":[{"href":"https:\/\/suanoticiaaqui.com.br\/news\/wp-json\/wp\/v2\/posts"}],"about":[{"href":"https:\/\/suanoticiaaqui.com.br\/news\/wp-json\/wp\/v2\/types\/post"}],"author":[{"embeddable":true,"href":"https:\/\/suanoticiaaqui.com.br\/news\/wp-json\/wp\/v2\/users\/1"}],"replies":[{"embeddable":true,"href":"https:\/\/suanoticiaaqui.com.br\/news\/wp-json\/wp\/v2\/comments?post=7379"}],"version-history":[{"count":1,"href":"https:\/\/suanoticiaaqui.com.br\/news\/wp-json\/wp\/v2\/posts\/7379\/revisions"}],"predecessor-version":[{"id":7381,"href":"https:\/\/suanoticiaaqui.com.br\/news\/wp-json\/wp\/v2\/posts\/7379\/revisions\/7381"}],"wp:featuredmedia":[{"embeddable":true,"href":"https:\/\/suanoticiaaqui.com.br\/news\/wp-json\/wp\/v2\/media\/7380"}],"wp:attachment":[{"href":"https:\/\/suanoticiaaqui.com.br\/news\/wp-json\/wp\/v2\/media?parent=7379"}],"wp:term":[{"taxonomy":"category","embeddable":true,"href":"https:\/\/suanoticiaaqui.com.br\/news\/wp-json\/wp\/v2\/categories?post=7379"},{"taxonomy":"post_tag","embeddable":true,"href":"https:\/\/suanoticiaaqui.com.br\/news\/wp-json\/wp\/v2\/tags?post=7379"}],"curies":[{"name":"wp","href":"https:\/\/api.w.org\/{rel}","templated":true}]}}