{"id":7385,"date":"2025-08-06T10:12:31","date_gmt":"2025-08-06T14:12:31","guid":{"rendered":"https:\/\/suanoticiaaqui.com.br\/news\/?p=7385"},"modified":"2025-08-06T10:12:31","modified_gmt":"2025-08-06T14:12:31","slug":"moraes-acusa-nikolas-de-tentar-coagir-o-stf","status":"publish","type":"post","link":"https:\/\/suanoticiaaqui.com.br\/news\/2025\/08\/06\/moraes-acusa-nikolas-de-tentar-coagir-o-stf\/","title":{"rendered":"Moraes acusa Nikolas de \u201ctentar coagir o STF\u201d"},"content":{"rendered":"\n<p>Ministro relaciona telefonema de deputado com tentativa de press\u00e3o ao tribunal<\/p>\n\n\n\n<ul class=\"wp-block-list\">\n<li><a href=\"https:\/\/bradockshow.com.br\/author\/marcotoledo\/\"><\/a>por <a href=\"https:\/\/bradockshow.com.br\/author\/marcotoledo\/\">Marco Toledo<\/a><\/li>\n<\/ul>\n\n\n\n<p>Ao determinar a pris\u00e3o domiciliar do ex-presidente Jair Bolsonaro nesta segunda-feira (4), o ministro Alexandre de Moraes, do Supremo Tribunal Federal (STF), atribuiu a decis\u00e3o ao deputado federal Nikolas Ferreira (PL-MG).<\/p>\n\n\n\n<p>Na sua decis\u00e3o, Moraes afirmou que o parlamentar usou uma liga\u00e7\u00e3o por v\u00eddeo com Bolsonaro para impulsionar mensagens proferidas em manifesta\u00e7\u00e3o, na tentativa de coagir o STF e obstruir a Justi\u00e7a, mesmo com conhecimento das medidas cautelares impostas.<\/p>\n\n\n\n<p>O ministro tamb\u00e9m declarou que Bolsonaro, agindo ilicitamente, dirigiu-se aos manifestantes em Copacabana, no Rio de Janeiro, produzindo material que incentivava seus apoiadores a continuar tentando pressionar o tribunal.<\/p>\n\n\n\n<p>Moraes proibiu o ex-presidente de usar aparelhos celulares e determinou que a Pol\u00edcia Federal apreenda seus telefones. Al\u00e9m disso, imp\u00f4s restri\u00e7\u00f5es \u00e0s visitas de filhos que n\u00e3o residem com Bolsonaro, como Fl\u00e1vio, Carlos, Eduardo e Jair Renan.<\/p>\n","protected":false},"excerpt":{"rendered":"<p>Ministro relaciona telefonema de deputado com tentativa de press\u00e3o ao tribunal Ao determinar a pris\u00e3o domiciliar do ex-presidente Jair Bolsonaro&hellip;<\/p>\n","protected":false},"author":1,"featured_media":7386,"comment_status":"open","ping_status":"open","sticky":false,"template":"","format":"standard","meta":{"footnotes":""},"categories":[1],"tags":[],"class_list":["post-7385","post","type-post","status-publish","format-standard","has-post-thumbnail","hentry","category-uncategorized"],"_links":{"self":[{"href":"https:\/\/suanoticiaaqui.com.br\/news\/wp-json\/wp\/v2\/posts\/7385","targetHints":{"allow":["GET"]}}],"collection":[{"href":"https:\/\/suanoticiaaqui.com.br\/news\/wp-json\/wp\/v2\/posts"}],"about":[{"href":"https:\/\/suanoticiaaqui.com.br\/news\/wp-json\/wp\/v2\/types\/post"}],"author":[{"embeddable":true,"href":"https:\/\/suanoticiaaqui.com.br\/news\/wp-json\/wp\/v2\/users\/1"}],"replies":[{"embeddable":true,"href":"https:\/\/suanoticiaaqui.com.br\/news\/wp-json\/wp\/v2\/comments?post=7385"}],"version-history":[{"count":1,"href":"https:\/\/suanoticiaaqui.com.br\/news\/wp-json\/wp\/v2\/posts\/7385\/revisions"}],"predecessor-version":[{"id":7387,"href":"https:\/\/suanoticiaaqui.com.br\/news\/wp-json\/wp\/v2\/posts\/7385\/revisions\/7387"}],"wp:featuredmedia":[{"embeddable":true,"href":"https:\/\/suanoticiaaqui.com.br\/news\/wp-json\/wp\/v2\/media\/7386"}],"wp:attachment":[{"href":"https:\/\/suanoticiaaqui.com.br\/news\/wp-json\/wp\/v2\/media?parent=7385"}],"wp:term":[{"taxonomy":"category","embeddable":true,"href":"https:\/\/suanoticiaaqui.com.br\/news\/wp-json\/wp\/v2\/categories?post=7385"},{"taxonomy":"post_tag","embeddable":true,"href":"https:\/\/suanoticiaaqui.com.br\/news\/wp-json\/wp\/v2\/tags?post=7385"}],"curies":[{"name":"wp","href":"https:\/\/api.w.org\/{rel}","templated":true}]}}