{"id":7394,"date":"2025-08-06T10:15:15","date_gmt":"2025-08-06T14:15:15","guid":{"rendered":"https:\/\/suanoticiaaqui.com.br\/news\/?p=7394"},"modified":"2025-08-06T10:15:15","modified_gmt":"2025-08-06T14:15:15","slug":"sancoes-dos-eua-expoem-autoritarismo-de-moraes","status":"publish","type":"post","link":"https:\/\/suanoticiaaqui.com.br\/news\/2025\/08\/06\/sancoes-dos-eua-expoem-autoritarismo-de-moraes\/","title":{"rendered":"San\u00e7\u00f5es dos EUA exp\u00f5em autoritarismo de Moraes"},"content":{"rendered":"\n<p>Casa Branca condena pris\u00e3o domiciliar de Bolsonaro e exige responsabiliza\u00e7\u00e3o<\/p>\n\n\n\n<ul class=\"wp-block-list\">\n<li><a href=\"https:\/\/bradockshow.com.br\/author\/marcotoledo\/\"><\/a>por <a href=\"https:\/\/bradockshow.com.br\/author\/marcotoledo\/\">Marco Toledo<\/a><\/li>\n<\/ul>\n\n\n\n<p>O ministro Alexandre de Moraes, agora formalmente sancionado pelos Estados Unidos como violador de direitos humanos, segue instrumentalizando institui\u00e7\u00f5es brasileiras para silenciar advers\u00e1rios e restringir liberdades fundamentais.<\/p>\n\n\n\n<p>A recente ordem de pris\u00e3o domiciliar imposta ao ex-presidente Jair Bolsonaro gerou forte rea\u00e7\u00e3o internacional.<\/p>\n\n\n\n<p>Em nota dura, o governo dos EUA condenou a medida, classificando-a como um abuso de poder e alertou que todos os envolvidos em pr\u00e1ticas sancionadas ser\u00e3o responsabilizados. \u201cImpor ainda mais restri\u00e7\u00f5es \u00e0 capacidade de Bolsonaro se defender publicamente n\u00e3o \u00e9 um servi\u00e7o p\u00fablico.<\/p>\n\n\n\n<p>Deixem Bolsonaro falar!\u201d, destacou o comunicado. A posi\u00e7\u00e3o americana aumenta a press\u00e3o sobre o ministro, cuja atua\u00e7\u00e3o j\u00e1 \u00e9 vista por muitos como uma amea\u00e7a \u00e0s garantias individuais e \u00e0 liberdade de express\u00e3o no Brasil.<\/p>\n\n\n\n<p>https:\/\/platform.twitter.com\/embed\/Tweet.html?dnt=false&#038;embedId=twitter-widget-0&#038;features=eyJ0ZndfdGltZWxpbmVfbGlzdCI6eyJidWNrZXQiOltdLCJ2ZXJzaW9uIjpudWxsfSwidGZ3X2ZvbGxvd2VyX2NvdW50X3N1bnNldCI6eyJidWNrZXQiOnRydWUsInZlcnNpb24iOm51bGx9LCJ0ZndfdHdlZXRfZWRpdF9iYWNrZW5kIjp7ImJ1Y2tldCI6Im9uIiwidmVyc2lvbiI6bnVsbH0sInRmd19yZWZzcmNfc2Vzc2lvbiI6eyJidWNrZXQiOiJvbiIsInZlcnNpb24iOm51bGx9LCJ0ZndfZm9zbnJfc29mdF9pbnRlcnZlbnRpb25zX2VuYWJsZWQiOnsiYnVja2V0Ijoib24iLCJ2ZXJzaW9uIjpudWxsfSwidGZ3X21peGVkX21lZGlhXzE1ODk3Ijp7ImJ1Y2tldCI6InRyZWF0bWVudCIsInZlcnNpb24iOm51bGx9LCJ0ZndfZXhwZXJpbWVudHNfY29va2llX2V4cGlyYXRpb24iOnsiYnVja2V0IjoxMjA5NjAwLCJ2ZXJzaW9uIjpudWxsfSwidGZ3X3Nob3dfYmlyZHdhdGNoX3Bpdm90c19lbmFibGVkIjp7ImJ1Y2tldCI6Im9uIiwidmVyc2lvbiI6bnVsbH0sInRmd19kdXBsaWNhdGVfc2NyaWJlc190b19zZXR0aW5ncyI6eyJidWNrZXQiOiJvbiIsInZlcnNpb24iOm51bGx9LCJ0ZndfdXNlX3Byb2ZpbGVfaW1hZ2Vfc2hhcGVfZW5hYmxlZCI6eyJidWNrZXQiOiJvbiIsInZlcnNpb24iOm51bGx9LCJ0ZndfdmlkZW9faGxzX2R5bmFtaWNfbWFuaWZlc3RzXzE1MDgyIjp7ImJ1Y2tldCI6InRydWVfYml0cmF0ZSIsInZlcnNpb24iOm51bGx9LCJ0ZndfbGVnYWN5X3RpbWVsaW5lX3N1bnNldCI6eyJidWNrZXQiOnRydWUsInZlcnNpb24iOm51bGx9LCJ0ZndfdHdlZXRfZWRpdF9mcm9udGVuZCI6eyJidWNrZXQiOiJvbiIsInZlcnNpb24iOm51bGx9fQ%3D%3D&#038;frame=false&#038;hideCard=false&#038;hideThread=false&#038;id=1952529312550211731&#038;lang=pt&#038;origin=https%3A%2F%2Fbradockshow.com.br%2Fsancoes-dos-eua-expoem-autoritarismo-de-moraes%2F&#038;sessionId=a3a7675a61cd6d581b49a2a0bfb760432a8d0ffa&#038;siteScreenName=BradockShow&#038;theme=light&#038;widgetsVersion=2615f7e52b7e0%3A1702314776716&#038;width=550px<\/p>\n","protected":false},"excerpt":{"rendered":"<p>Casa Branca condena pris\u00e3o domiciliar de Bolsonaro e exige responsabiliza\u00e7\u00e3o O ministro Alexandre de Moraes, agora formalmente sancionado pelos Estados&hellip;<\/p>\n","protected":false},"author":1,"featured_media":7395,"comment_status":"open","ping_status":"open","sticky":false,"template":"","format":"standard","meta":{"footnotes":""},"categories":[1],"tags":[],"class_list":["post-7394","post","type-post","status-publish","format-standard","has-post-thumbnail","hentry","category-uncategorized"],"_links":{"self":[{"href":"https:\/\/suanoticiaaqui.com.br\/news\/wp-json\/wp\/v2\/posts\/7394","targetHints":{"allow":["GET"]}}],"collection":[{"href":"https:\/\/suanoticiaaqui.com.br\/news\/wp-json\/wp\/v2\/posts"}],"about":[{"href":"https:\/\/suanoticiaaqui.com.br\/news\/wp-json\/wp\/v2\/types\/post"}],"author":[{"embeddable":true,"href":"https:\/\/suanoticiaaqui.com.br\/news\/wp-json\/wp\/v2\/users\/1"}],"replies":[{"embeddable":true,"href":"https:\/\/suanoticiaaqui.com.br\/news\/wp-json\/wp\/v2\/comments?post=7394"}],"version-history":[{"count":1,"href":"https:\/\/suanoticiaaqui.com.br\/news\/wp-json\/wp\/v2\/posts\/7394\/revisions"}],"predecessor-version":[{"id":7396,"href":"https:\/\/suanoticiaaqui.com.br\/news\/wp-json\/wp\/v2\/posts\/7394\/revisions\/7396"}],"wp:featuredmedia":[{"embeddable":true,"href":"https:\/\/suanoticiaaqui.com.br\/news\/wp-json\/wp\/v2\/media\/7395"}],"wp:attachment":[{"href":"https:\/\/suanoticiaaqui.com.br\/news\/wp-json\/wp\/v2\/media?parent=7394"}],"wp:term":[{"taxonomy":"category","embeddable":true,"href":"https:\/\/suanoticiaaqui.com.br\/news\/wp-json\/wp\/v2\/categories?post=7394"},{"taxonomy":"post_tag","embeddable":true,"href":"https:\/\/suanoticiaaqui.com.br\/news\/wp-json\/wp\/v2\/tags?post=7394"}],"curies":[{"name":"wp","href":"https:\/\/api.w.org\/{rel}","templated":true}]}}