{"id":7397,"date":"2025-08-06T10:16:38","date_gmt":"2025-08-06T14:16:38","guid":{"rendered":"https:\/\/suanoticiaaqui.com.br\/news\/?p=7397"},"modified":"2025-08-06T10:16:38","modified_gmt":"2025-08-06T14:16:38","slug":"mecanico-de-19-anos-e-preso-acusado-de-violencia-domestica-contra-adolescente","status":"publish","type":"post","link":"https:\/\/suanoticiaaqui.com.br\/news\/2025\/08\/06\/mecanico-de-19-anos-e-preso-acusado-de-violencia-domestica-contra-adolescente\/","title":{"rendered":"Mec\u00e2nico de 19 anos \u00e9 preso acusado de viol\u00eancia dom\u00e9stica contra adolescente"},"content":{"rendered":"\n<ul class=\"wp-block-list\">\n<li>por Luiz Guilherme<\/li>\n<\/ul>\n\n\n\n<p>Mec\u00e2nico de 19 anos, foi preso nesta segunda-feira (4\/8), por policiais civis da Depca (Delegacia Especializada de Prote\u00e7\u00e3o \u00e0 Crian\u00e7a e ao Adolescente), acusado de viol\u00eancia dom\u00e9stica contra uma menor, em Campo Grande.&nbsp;<\/p>\n\n\n\n<p>As investiga\u00e7\u00f5es apontam que o autor teria cometido diversas amea\u00e7as contra a v\u00edtima, caracterizando viol\u00eancia psicol\u00f3gica. Em um dos epis\u00f3dios mais graves, h\u00e1 ind\u00edcios de que o rapaz tenha efetuado disparos de arma de fogo.<\/p>\n\n\n\n<p>Diante da gravidade dos fatos e do risco \u00e0 integridade f\u00edsica e emocional da adolescente, a busca e apreens\u00e3o e pris\u00e3o preventiva foram representadas pela autoridade policial e ambas foram deferidas pelo Poder Judici\u00e1rio.<\/p>\n\n\n\n<p>O autor foi localizado no Bairro Lageado, ocasi\u00e3o em que tamb\u00e9m foi cumprida a busca e apreens\u00e3o em sua resid\u00eancia, sendo encaminhado \u00e0 unidade policial e colocado \u00e0 disposi\u00e7\u00e3o da Justi\u00e7a.<\/p>\n\n\n\n<p><\/p>\n","protected":false},"excerpt":{"rendered":"<p>Mec\u00e2nico de 19 anos, foi preso nesta segunda-feira (4\/8), por policiais civis da Depca (Delegacia Especializada de Prote\u00e7\u00e3o \u00e0 Crian\u00e7a&hellip;<\/p>\n","protected":false},"author":1,"featured_media":7399,"comment_status":"open","ping_status":"open","sticky":false,"template":"","format":"standard","meta":{"footnotes":""},"categories":[1],"tags":[],"class_list":["post-7397","post","type-post","status-publish","format-standard","has-post-thumbnail","hentry","category-uncategorized"],"_links":{"self":[{"href":"https:\/\/suanoticiaaqui.com.br\/news\/wp-json\/wp\/v2\/posts\/7397","targetHints":{"allow":["GET"]}}],"collection":[{"href":"https:\/\/suanoticiaaqui.com.br\/news\/wp-json\/wp\/v2\/posts"}],"about":[{"href":"https:\/\/suanoticiaaqui.com.br\/news\/wp-json\/wp\/v2\/types\/post"}],"author":[{"embeddable":true,"href":"https:\/\/suanoticiaaqui.com.br\/news\/wp-json\/wp\/v2\/users\/1"}],"replies":[{"embeddable":true,"href":"https:\/\/suanoticiaaqui.com.br\/news\/wp-json\/wp\/v2\/comments?post=7397"}],"version-history":[{"count":1,"href":"https:\/\/suanoticiaaqui.com.br\/news\/wp-json\/wp\/v2\/posts\/7397\/revisions"}],"predecessor-version":[{"id":7400,"href":"https:\/\/suanoticiaaqui.com.br\/news\/wp-json\/wp\/v2\/posts\/7397\/revisions\/7400"}],"wp:featuredmedia":[{"embeddable":true,"href":"https:\/\/suanoticiaaqui.com.br\/news\/wp-json\/wp\/v2\/media\/7399"}],"wp:attachment":[{"href":"https:\/\/suanoticiaaqui.com.br\/news\/wp-json\/wp\/v2\/media?parent=7397"}],"wp:term":[{"taxonomy":"category","embeddable":true,"href":"https:\/\/suanoticiaaqui.com.br\/news\/wp-json\/wp\/v2\/categories?post=7397"},{"taxonomy":"post_tag","embeddable":true,"href":"https:\/\/suanoticiaaqui.com.br\/news\/wp-json\/wp\/v2\/tags?post=7397"}],"curies":[{"name":"wp","href":"https:\/\/api.w.org\/{rel}","templated":true}]}}