{"id":7404,"date":"2025-08-06T10:18:29","date_gmt":"2025-08-06T14:18:29","guid":{"rendered":"https:\/\/suanoticiaaqui.com.br\/news\/?p=7404"},"modified":"2025-08-06T10:18:29","modified_gmt":"2025-08-06T14:18:29","slug":"van-hattem-denuncia-timing-estrategico-de-moraes","status":"publish","type":"post","link":"https:\/\/suanoticiaaqui.com.br\/news\/2025\/08\/06\/van-hattem-denuncia-timing-estrategico-de-moraes\/","title":{"rendered":"Van Hattem denuncia timing estrat\u00e9gico de Moraes"},"content":{"rendered":"\n<p>Deputado aponta que pris\u00e3o de Bolsonaro tenta abafar den\u00fancias de abusos no STF<\/p>\n\n\n\n<ul class=\"wp-block-list\">\n<li><a href=\"https:\/\/bradockshow.com.br\/author\/marcotoledo\/\"><\/a>por <a href=\"https:\/\/bradockshow.com.br\/author\/marcotoledo\/\">Marco Toledo<\/a><\/li>\n<\/ul>\n\n\n\n<p>O deputado federal Marcel van Hattem (Novo-RS) afirmou que a pris\u00e3o domiciliar imposta ao ex-presidente Jair Bolsonaro tem como objetivo desviar a aten\u00e7\u00e3o das novas den\u00fancias contra o ministro<\/p>\n\n\n\n<p>Alexandre de Moraes. Segundo ele, a decis\u00e3o foi anunciada no mesmo dia em que vieram \u00e0 tona documentos que revelam supostos abusos cometidos pelo STF ap\u00f3s os atos de 8 de janeiro.<\/p>\n\n\n\n<p>Os arquivos, divulgados por Michael Shellenberger, mostram a exist\u00eancia de uma for\u00e7a-tarefa secreta no STF, uso de redes sociais como prova criminal, e um grupo no WhatsApp que coordenava certid\u00f5es contra suspeitos, inclusive sem envolvimento em viol\u00eancia. As den\u00fancias ainda citam o uso de banco de dados biom\u00e9trico sem respaldo legal.<\/p>\n\n\n\n<p>Van Hattem classificou a medida como uma tentativa de abafar o esc\u00e2ndalo: \u201cAbsurda pris\u00e3o domiciliar de Bolsonaro no dia em que sai nova mat\u00e9ria da Vaza Toga sobre os abusos de Moraes no 8 de Janeiro. Claro que n\u00e3o \u00e9 coincid\u00eancia!\u201d, <\/p>\n","protected":false},"excerpt":{"rendered":"<p>Deputado aponta que pris\u00e3o de Bolsonaro tenta abafar den\u00fancias de abusos no STF O deputado federal Marcel van Hattem (Novo-RS)&hellip;<\/p>\n","protected":false},"author":1,"featured_media":7405,"comment_status":"open","ping_status":"open","sticky":false,"template":"","format":"standard","meta":{"footnotes":""},"categories":[1],"tags":[],"class_list":["post-7404","post","type-post","status-publish","format-standard","has-post-thumbnail","hentry","category-uncategorized"],"_links":{"self":[{"href":"https:\/\/suanoticiaaqui.com.br\/news\/wp-json\/wp\/v2\/posts\/7404","targetHints":{"allow":["GET"]}}],"collection":[{"href":"https:\/\/suanoticiaaqui.com.br\/news\/wp-json\/wp\/v2\/posts"}],"about":[{"href":"https:\/\/suanoticiaaqui.com.br\/news\/wp-json\/wp\/v2\/types\/post"}],"author":[{"embeddable":true,"href":"https:\/\/suanoticiaaqui.com.br\/news\/wp-json\/wp\/v2\/users\/1"}],"replies":[{"embeddable":true,"href":"https:\/\/suanoticiaaqui.com.br\/news\/wp-json\/wp\/v2\/comments?post=7404"}],"version-history":[{"count":1,"href":"https:\/\/suanoticiaaqui.com.br\/news\/wp-json\/wp\/v2\/posts\/7404\/revisions"}],"predecessor-version":[{"id":7406,"href":"https:\/\/suanoticiaaqui.com.br\/news\/wp-json\/wp\/v2\/posts\/7404\/revisions\/7406"}],"wp:featuredmedia":[{"embeddable":true,"href":"https:\/\/suanoticiaaqui.com.br\/news\/wp-json\/wp\/v2\/media\/7405"}],"wp:attachment":[{"href":"https:\/\/suanoticiaaqui.com.br\/news\/wp-json\/wp\/v2\/media?parent=7404"}],"wp:term":[{"taxonomy":"category","embeddable":true,"href":"https:\/\/suanoticiaaqui.com.br\/news\/wp-json\/wp\/v2\/categories?post=7404"},{"taxonomy":"post_tag","embeddable":true,"href":"https:\/\/suanoticiaaqui.com.br\/news\/wp-json\/wp\/v2\/tags?post=7404"}],"curies":[{"name":"wp","href":"https:\/\/api.w.org\/{rel}","templated":true}]}}