{"id":7413,"date":"2025-08-06T10:32:50","date_gmt":"2025-08-06T14:32:50","guid":{"rendered":"https:\/\/suanoticiaaqui.com.br\/news\/?p=7413"},"modified":"2025-08-06T10:32:50","modified_gmt":"2025-08-06T14:32:50","slug":"riedel-anuncia-corte-de-gastos-com-diarias-horas-extras-e-compras-publicas-ate-dezembro","status":"publish","type":"post","link":"https:\/\/suanoticiaaqui.com.br\/news\/2025\/08\/06\/riedel-anuncia-corte-de-gastos-com-diarias-horas-extras-e-compras-publicas-ate-dezembro\/","title":{"rendered":"Riedel anuncia corte de gastos com di\u00e1rias, horas extras e compras p\u00fablicas at\u00e9 dezembro"},"content":{"rendered":"\n<ul class=\"wp-block-list\">\n<li>por Luiz Guilherme<\/li>\n<\/ul>\n\n\n\n<p>O governador Eduardo Riedel (PSDB) anunicou nesta ter\u00e7a-feira (5\/8), via decreto no DOE (Di\u00e1rio Oficial do Estado), uma s\u00e9rie de medidas para conten\u00e7\u00e3o de despesas p\u00fablicas at\u00e9 31 de dezembro. O texto prev\u00ea redu\u00e7\u00e3o de custos com di\u00e1rias, passagens, horas extras, participa\u00e7\u00e3o em eventos e aquisi\u00e7\u00e3o de bens permanentes, como ve\u00edculos e mobili\u00e1rio.<\/p>\n\n\n\n<p>A decis\u00e3o ocorre em um contexto de press\u00e3o sobre as contas do estado. Em maio, o Executivo estadual atingiu o chamado limite prudencial de gastos com pessoal, exigindo medidas de ajuste. Al\u00e9m disso, houve queda na arrecada\u00e7\u00e3o do ICMS sobre o g\u00e1s natural importado da Bol\u00edvia, o que agravou o cen\u00e1rio fiscal.<\/p>\n\n\n\n<p>\u201cEstamos atravessando um momento complicado do ponto de vista financeiro e or\u00e7ament\u00e1rio. Isso acontece no Brasil inteiro. Temos que manter o controle dos gastos p\u00fablicos e agir com responsabilidade\u201d, afirmou o governador, em declara\u00e7\u00e3o divulgada nesta segunda-feira (4\/8), pelo portal oficial do governo estadual.<\/p>\n\n\n\n<p>Riedel destacou que o objetivo \u00e9 manter o equil\u00edbrio fiscal sem a necessidade de aumento de impostos.<\/p>\n\n\n\n<p><strong>O que est\u00e1 sendo cortado<\/strong><\/p>\n\n\n\n<p>Entre as determina\u00e7\u00f5es previstas no decreto est\u00e1 a redu\u00e7\u00e3o de 25% nas despesas de custeio, al\u00e9m da diminui\u00e7\u00e3o de gastos com:<\/p>\n\n\n\n<p>Pagamento de di\u00e1rias e passagens;<\/p>\n\n\n\n<p>Participa\u00e7\u00e3o de servidores em eventos e semin\u00e1rios;<\/p>\n\n\n\n<p>Horas extras;<\/p>\n\n\n\n<p>Compra de ve\u00edculos, mobili\u00e1rios, equipamentos e outros bens dur\u00e1veis.<\/p>\n\n\n\n<p>Apesar do corte, o governo ressaltou que seguir\u00e1 priorizando os investimentos considerados essenciais \u00e0 popula\u00e7\u00e3o, como os servi\u00e7os p\u00fablicos b\u00e1sicos e a\u00e7\u00f5es estrat\u00e9gicas nas \u00e1reas de sa\u00fade, educa\u00e7\u00e3o e seguran\u00e7a.<\/p>\n\n\n\n<p>O decreto tamb\u00e9m refor\u00e7a o compromisso da administra\u00e7\u00e3o estadual com a efici\u00eancia na execu\u00e7\u00e3o or\u00e7ament\u00e1ria e a sustentabilidade fiscal.<\/p>\n\n\n\n<p><strong>Prazo para readequa\u00e7\u00e3o<\/strong><\/p>\n\n\n\n<p>Cada secretaria estadual ter\u00e1 at\u00e9 dez dias para apresentar um plano de reprograma\u00e7\u00e3o das despesas \u00e0 Sefaz (Secretaria de Estado de Fazenda). Caso o plano n\u00e3o seja entregue no prazo, ou esteja em desacordo com os crit\u00e9rios estabelecidos, o pr\u00f3prio governo poder\u00e1 intervir.<\/p>\n\n\n\n<p>\u201cNessas situa\u00e7\u00f5es, as Secretarias de Governo e de Fazenda est\u00e3o autorizadas a fazer os ajustes necess\u00e1rios\u201d, afirma o texto do decreto.<\/p>\n","protected":false},"excerpt":{"rendered":"<p>O governador Eduardo Riedel (PSDB) anunicou nesta ter\u00e7a-feira (5\/8), via decreto no DOE (Di\u00e1rio Oficial do Estado), uma s\u00e9rie de&hellip;<\/p>\n","protected":false},"author":1,"featured_media":7414,"comment_status":"open","ping_status":"open","sticky":false,"template":"","format":"standard","meta":{"footnotes":""},"categories":[1],"tags":[],"class_list":["post-7413","post","type-post","status-publish","format-standard","has-post-thumbnail","hentry","category-uncategorized"],"_links":{"self":[{"href":"https:\/\/suanoticiaaqui.com.br\/news\/wp-json\/wp\/v2\/posts\/7413","targetHints":{"allow":["GET"]}}],"collection":[{"href":"https:\/\/suanoticiaaqui.com.br\/news\/wp-json\/wp\/v2\/posts"}],"about":[{"href":"https:\/\/suanoticiaaqui.com.br\/news\/wp-json\/wp\/v2\/types\/post"}],"author":[{"embeddable":true,"href":"https:\/\/suanoticiaaqui.com.br\/news\/wp-json\/wp\/v2\/users\/1"}],"replies":[{"embeddable":true,"href":"https:\/\/suanoticiaaqui.com.br\/news\/wp-json\/wp\/v2\/comments?post=7413"}],"version-history":[{"count":1,"href":"https:\/\/suanoticiaaqui.com.br\/news\/wp-json\/wp\/v2\/posts\/7413\/revisions"}],"predecessor-version":[{"id":7415,"href":"https:\/\/suanoticiaaqui.com.br\/news\/wp-json\/wp\/v2\/posts\/7413\/revisions\/7415"}],"wp:featuredmedia":[{"embeddable":true,"href":"https:\/\/suanoticiaaqui.com.br\/news\/wp-json\/wp\/v2\/media\/7414"}],"wp:attachment":[{"href":"https:\/\/suanoticiaaqui.com.br\/news\/wp-json\/wp\/v2\/media?parent=7413"}],"wp:term":[{"taxonomy":"category","embeddable":true,"href":"https:\/\/suanoticiaaqui.com.br\/news\/wp-json\/wp\/v2\/categories?post=7413"},{"taxonomy":"post_tag","embeddable":true,"href":"https:\/\/suanoticiaaqui.com.br\/news\/wp-json\/wp\/v2\/tags?post=7413"}],"curies":[{"name":"wp","href":"https:\/\/api.w.org\/{rel}","templated":true}]}}