{"id":7416,"date":"2025-08-06T10:34:17","date_gmt":"2025-08-06T14:34:17","guid":{"rendered":"https:\/\/suanoticiaaqui.com.br\/news\/?p=7416"},"modified":"2025-08-06T10:34:17","modified_gmt":"2025-08-06T14:34:17","slug":"sig-prende-2o-envolvido-em-tentativa-de-homicidio-em-dourados","status":"publish","type":"post","link":"https:\/\/suanoticiaaqui.com.br\/news\/2025\/08\/06\/sig-prende-2o-envolvido-em-tentativa-de-homicidio-em-dourados\/","title":{"rendered":"SIG prende 2\u00ba envolvido em tentativa de homic\u00eddio em Dourados"},"content":{"rendered":"\n<ul class=\"wp-block-list\">\n<li>\u00a0por Luiz Guilherme e Sidnei Bronka<\/li>\n<\/ul>\n\n\n\n<p>Policiais do SIG (Setor de Investiga\u00e7\u00f5es Gerais) prenderam na manh\u00e3 desta quarta-feira (6\/8), o segundo envolvido na tentativa de homic\u00eddio contra Leonardo Soares Moline, de 19 anos, ocorrido nesta ter\u00e7a (5\/8), no Bairro Cana\u00e3 4, em Dourados.<\/p>\n\n\n\n<p>Ainda ontem, um menor, apontado como autor dos disparos, foi apreendido no Jardim It\u00e1lia.<\/p>\n\n\n\n<p>Na manh\u00e3 de hoje, os agentes encontraram o segundo indiv\u00edduo num conjunto de quitinetes no Jardim Cl\u00edmax. Segundo a pol\u00edcia, ele \u00e9 do Paran\u00e1 e veio para Dourados a mando de uma fac\u00e7\u00e3o criminosa.<\/p>\n\n\n\n<p>Ao ser abordado, ele apresentou um nome que os investigadores acreditam ser falso, e com cabo de vassoura, amea\u00e7ou a equipe, contudo, foi contido e levado para a sede do Setor de Investiga\u00e7\u00f5es Gerais, onde prestar\u00e1 depoimento.<\/p>\n\n\n\n<p>Conforme os policiais, o detido era quem pilotava a motocicleta Honda Fan, vermelha, que tinha como passageiro o menor identificado como \u201cNeguinho Cabuloso\u201d. Ontem, como j\u00e1 noticiado anteriormente, ao ser apreendido, disse que a tentativa de homic\u00eddio foi motivada por guerra entre fac\u00e7\u00f5es.<\/p>\n\n\n\n<p>Segundo o boletim de ocorr\u00eancia, a PM (Pol\u00edcia Militar) realizava patrulhamento preventivo no bairro, quando recebeu a informa\u00e7\u00e3o inicial de que ocorrera homic\u00eddio. A equipe foi para o endere\u00e7o repassado e l\u00e1, um cidad\u00e3o informou que estava na companhia de amigos, quando dois indiv\u00edduos em uma motocicleta Honda Fan, vermelha, parou na esquina, o garupa desceu e efetuou os disparos de arma de fogo.<\/p>\n\n\n\n<p>Enquanto a guarni\u00e7\u00e3o coletava as informa\u00e7\u00f5es do ocorrido, chegou uma adolescente contando sobre o jovem baleado. Leonardo foi encontrado deitado em uma cama e posteriormente socorrido pelo Samu (Servi\u00e7o de Atendimento M\u00f3vel de Urg\u00eancia) com ferimento no bra\u00e7o que transpassou o t\u00f3rax. O rapaz permanece internado no HV (Hospital da Vida).<\/p>\n\n\n\n<p>Um detalhe desta ocorr\u00eancia, \u00e9 que o endere\u00e7o do crime \u00e9 o mesmo onde, no dia 30 de maio deste ano, um adolescente de 15 anos, foi executado com seis tiros. Na \u00e9poca, a Pol\u00edcia Civil identificou integrantes do PCC (Primeiro Comando da Capital) como autores do crime.<\/p>\n","protected":false},"excerpt":{"rendered":"<p>Policiais do SIG (Setor de Investiga\u00e7\u00f5es Gerais) prenderam na manh\u00e3 desta quarta-feira (6\/8), o segundo envolvido na tentativa de homic\u00eddio&hellip;<\/p>\n","protected":false},"author":1,"featured_media":7417,"comment_status":"open","ping_status":"open","sticky":false,"template":"","format":"standard","meta":{"footnotes":""},"categories":[1],"tags":[],"class_list":["post-7416","post","type-post","status-publish","format-standard","has-post-thumbnail","hentry","category-uncategorized"],"_links":{"self":[{"href":"https:\/\/suanoticiaaqui.com.br\/news\/wp-json\/wp\/v2\/posts\/7416","targetHints":{"allow":["GET"]}}],"collection":[{"href":"https:\/\/suanoticiaaqui.com.br\/news\/wp-json\/wp\/v2\/posts"}],"about":[{"href":"https:\/\/suanoticiaaqui.com.br\/news\/wp-json\/wp\/v2\/types\/post"}],"author":[{"embeddable":true,"href":"https:\/\/suanoticiaaqui.com.br\/news\/wp-json\/wp\/v2\/users\/1"}],"replies":[{"embeddable":true,"href":"https:\/\/suanoticiaaqui.com.br\/news\/wp-json\/wp\/v2\/comments?post=7416"}],"version-history":[{"count":1,"href":"https:\/\/suanoticiaaqui.com.br\/news\/wp-json\/wp\/v2\/posts\/7416\/revisions"}],"predecessor-version":[{"id":7418,"href":"https:\/\/suanoticiaaqui.com.br\/news\/wp-json\/wp\/v2\/posts\/7416\/revisions\/7418"}],"wp:featuredmedia":[{"embeddable":true,"href":"https:\/\/suanoticiaaqui.com.br\/news\/wp-json\/wp\/v2\/media\/7417"}],"wp:attachment":[{"href":"https:\/\/suanoticiaaqui.com.br\/news\/wp-json\/wp\/v2\/media?parent=7416"}],"wp:term":[{"taxonomy":"category","embeddable":true,"href":"https:\/\/suanoticiaaqui.com.br\/news\/wp-json\/wp\/v2\/categories?post=7416"},{"taxonomy":"post_tag","embeddable":true,"href":"https:\/\/suanoticiaaqui.com.br\/news\/wp-json\/wp\/v2\/tags?post=7416"}],"curies":[{"name":"wp","href":"https:\/\/api.w.org\/{rel}","templated":true}]}}