{"id":7419,"date":"2025-08-06T14:54:11","date_gmt":"2025-08-06T18:54:11","guid":{"rendered":"https:\/\/suanoticiaaqui.com.br\/news\/?p=7419"},"modified":"2025-08-06T14:54:11","modified_gmt":"2025-08-06T18:54:11","slug":"policia-apreende-carro-em-rodovia-da-fronteira-com-cocaina","status":"publish","type":"post","link":"https:\/\/suanoticiaaqui.com.br\/news\/2025\/08\/06\/policia-apreende-carro-em-rodovia-da-fronteira-com-cocaina\/","title":{"rendered":"Pol\u00edcia apreende carro em rodovia da fronteira com coca\u00edna"},"content":{"rendered":"\n<ul class=\"wp-block-list\">\n<li>por Luiz Guilherme<\/li>\n<\/ul>\n\n\n\n<p>Durante patrulhamento preventivo no distrito de Nova Itamarati, em Ponta Por\u00e3, a PM (Pol\u00edcia Militar) localizou nesta ter\u00e7a-feira (5\/8), ve\u00edculo abandonado \u00e0s margens da rodovia MS-164, com um quilo de coca\u00edna.<\/p>\n\n\n\n<p>Segundo o registro policial, o Hyundai Creta de cor prata, estava parado de forma irregular, oferecendo risco de acidente na rodovia. Ao se aproximarem, os militares constataram que n\u00e3o havia ningu\u00e9m no interior ou nas proximidades, o que levantou suspeitas de que o ve\u00edculo teria sido abandonado.<\/p>\n\n\n\n<figure class=\"wp-block-image\"><a class=\"gallery-item\" href=\"https:\/\/ligadonanoticia.com.br\/media\/editorjs\/whatsapp_image_2025_08_06_at_10_1754491280,125.jpg\"><img decoding=\"async\" src=\"https:\/\/ligadonanoticia.com.br\/media\/editorjs\/whatsapp_image_2025_08_06_at_10_1754491280,125.jpg\" alt=\"\"\/><\/a><\/figure>\n\n\n\n<p>Durante a inspe\u00e7\u00e3o, os agentes perceberam que as portas estavam destravadas e visualizaram no banco dianteiro um inv\u00f3lucro amarelo enrolado com fita crepe \u2014 caracter\u00edstica comum em embalagens usadas no tr\u00e1fico de drogas. Ao abrirem o pacote, foi confirmada a presen\u00e7a da coca\u00edna.<\/p>\n\n\n\n<p>Al\u00e9m da droga, os policiais encontraram documentos pessoais no interior do ve\u00edculo. O carro, que estava sem a chave de igni\u00e7\u00e3o, foi guinchado at\u00e9 a Primeira Delegacia de PC (Pol\u00edcia Civil) de Ponta Por\u00e3.<\/p>\n\n\n\n<p>O c\u00e3o farejador foi utilizado para averigua\u00e7\u00f5es adicionais no ve\u00edculo, mas nenhum outro material il\u00edcito foi encontrado.<\/p>\n\n\n\n<p>O caso segue sendo investigado pela Pol\u00edcia Civil. O autor ainda n\u00e3o foi localizado.<\/p>\n","protected":false},"excerpt":{"rendered":"<p>Durante patrulhamento preventivo no distrito de Nova Itamarati, em Ponta Por\u00e3, a PM (Pol\u00edcia Militar) localizou nesta ter\u00e7a-feira (5\/8), ve\u00edculo&hellip;<\/p>\n","protected":false},"author":1,"featured_media":7434,"comment_status":"open","ping_status":"open","sticky":false,"template":"","format":"standard","meta":{"footnotes":""},"categories":[1],"tags":[],"class_list":["post-7419","post","type-post","status-publish","format-standard","has-post-thumbnail","hentry","category-uncategorized"],"_links":{"self":[{"href":"https:\/\/suanoticiaaqui.com.br\/news\/wp-json\/wp\/v2\/posts\/7419","targetHints":{"allow":["GET"]}}],"collection":[{"href":"https:\/\/suanoticiaaqui.com.br\/news\/wp-json\/wp\/v2\/posts"}],"about":[{"href":"https:\/\/suanoticiaaqui.com.br\/news\/wp-json\/wp\/v2\/types\/post"}],"author":[{"embeddable":true,"href":"https:\/\/suanoticiaaqui.com.br\/news\/wp-json\/wp\/v2\/users\/1"}],"replies":[{"embeddable":true,"href":"https:\/\/suanoticiaaqui.com.br\/news\/wp-json\/wp\/v2\/comments?post=7419"}],"version-history":[{"count":1,"href":"https:\/\/suanoticiaaqui.com.br\/news\/wp-json\/wp\/v2\/posts\/7419\/revisions"}],"predecessor-version":[{"id":7435,"href":"https:\/\/suanoticiaaqui.com.br\/news\/wp-json\/wp\/v2\/posts\/7419\/revisions\/7435"}],"wp:featuredmedia":[{"embeddable":true,"href":"https:\/\/suanoticiaaqui.com.br\/news\/wp-json\/wp\/v2\/media\/7434"}],"wp:attachment":[{"href":"https:\/\/suanoticiaaqui.com.br\/news\/wp-json\/wp\/v2\/media?parent=7419"}],"wp:term":[{"taxonomy":"category","embeddable":true,"href":"https:\/\/suanoticiaaqui.com.br\/news\/wp-json\/wp\/v2\/categories?post=7419"},{"taxonomy":"post_tag","embeddable":true,"href":"https:\/\/suanoticiaaqui.com.br\/news\/wp-json\/wp\/v2\/tags?post=7419"}],"curies":[{"name":"wp","href":"https:\/\/api.w.org\/{rel}","templated":true}]}}