{"id":7437,"date":"2025-08-07T10:38:21","date_gmt":"2025-08-07T14:38:21","guid":{"rendered":"https:\/\/suanoticiaaqui.com.br\/news\/?p=7437"},"modified":"2025-08-07T10:38:21","modified_gmt":"2025-08-07T14:38:21","slug":"barroso-cogita-deixar-o-stf-em-meio-ao-desgaste-interno-e-temor-por-sancoes","status":"publish","type":"post","link":"https:\/\/suanoticiaaqui.com.br\/news\/2025\/08\/07\/barroso-cogita-deixar-o-stf-em-meio-ao-desgaste-interno-e-temor-por-sancoes\/","title":{"rendered":"Barroso cogita deixar o STF em meio ao desgaste interno e temor por san\u00e7\u00f5es"},"content":{"rendered":"\n<p>Clima na Corte se deteriora, e Lula j\u00e1 avalia quatro nomes para eventual nova vaga<\/p>\n\n\n\n<ul class=\"wp-block-list\">\n<li><a href=\"https:\/\/bradockshow.com.br\/author\/marcotoledo\/\"><\/a>por <a href=\"https:\/\/bradockshow.com.br\/author\/marcotoledo\/\">Marco Toledo<\/a><\/li>\n<\/ul>\n\n\n\n<p>O presidente do STF, Lu\u00eds Roberto Barroso, estaria desanimado com a crise interna que tomou conta da Corte, alimentada pela atua\u00e7\u00e3o controversa de Alexandre de Moraes. Nos bastidores, Barroso d\u00e1 sinais de esgotamento e j\u00e1 cogita deixar o cargo ap\u00f3s encerrar seu mandato na presid\u00eancia, em setembro.<\/p>\n\n\n\n<p>Fontes relatam frustra\u00e7\u00e3o com a divis\u00e3o entre os ministros e um sentimento de impot\u00eancia frente \u00e0 escalada autorit\u00e1ria conduzida por Moraes.<\/p>\n\n\n\n<p>Barroso, conhecido por seus v\u00ednculos com os Estados Unidos, pode ter sido atingido pelas san\u00e7\u00f5es da Lei Magnitsky, o que alimenta rumores sobre a poss\u00edvel sa\u00edda. Lula, atento \u00e0 movimenta\u00e7\u00e3o, j\u00e1 considera quatro nomes para uma eventual terceira indica\u00e7\u00e3o: Bruno Dantas, Jorge Messias, Rodrigo Pacheco e Vin\u00edcius Carvalho.<\/p>\n\n\n\n<p>A Corte est\u00e1 rachada. A pris\u00e3o domiciliar de Bolsonaro imposta por Moraes acentuou o desconforto. Ministros criticam a medida nos bastidores, mas temem se manifestar publicamente.<\/p>\n\n\n\n<p>O STF, antes blindado, agora exp\u00f5e fragilidades e incertezas diante do cen\u00e1rio internacional.<\/p>\n","protected":false},"excerpt":{"rendered":"<p>Clima na Corte se deteriora, e Lula j\u00e1 avalia quatro nomes para eventual nova vaga O presidente do STF, Lu\u00eds&hellip;<\/p>\n","protected":false},"author":1,"featured_media":7438,"comment_status":"open","ping_status":"open","sticky":false,"template":"","format":"standard","meta":{"footnotes":""},"categories":[1],"tags":[],"class_list":["post-7437","post","type-post","status-publish","format-standard","has-post-thumbnail","hentry","category-uncategorized"],"_links":{"self":[{"href":"https:\/\/suanoticiaaqui.com.br\/news\/wp-json\/wp\/v2\/posts\/7437","targetHints":{"allow":["GET"]}}],"collection":[{"href":"https:\/\/suanoticiaaqui.com.br\/news\/wp-json\/wp\/v2\/posts"}],"about":[{"href":"https:\/\/suanoticiaaqui.com.br\/news\/wp-json\/wp\/v2\/types\/post"}],"author":[{"embeddable":true,"href":"https:\/\/suanoticiaaqui.com.br\/news\/wp-json\/wp\/v2\/users\/1"}],"replies":[{"embeddable":true,"href":"https:\/\/suanoticiaaqui.com.br\/news\/wp-json\/wp\/v2\/comments?post=7437"}],"version-history":[{"count":1,"href":"https:\/\/suanoticiaaqui.com.br\/news\/wp-json\/wp\/v2\/posts\/7437\/revisions"}],"predecessor-version":[{"id":7439,"href":"https:\/\/suanoticiaaqui.com.br\/news\/wp-json\/wp\/v2\/posts\/7437\/revisions\/7439"}],"wp:featuredmedia":[{"embeddable":true,"href":"https:\/\/suanoticiaaqui.com.br\/news\/wp-json\/wp\/v2\/media\/7438"}],"wp:attachment":[{"href":"https:\/\/suanoticiaaqui.com.br\/news\/wp-json\/wp\/v2\/media?parent=7437"}],"wp:term":[{"taxonomy":"category","embeddable":true,"href":"https:\/\/suanoticiaaqui.com.br\/news\/wp-json\/wp\/v2\/categories?post=7437"},{"taxonomy":"post_tag","embeddable":true,"href":"https:\/\/suanoticiaaqui.com.br\/news\/wp-json\/wp\/v2\/tags?post=7437"}],"curies":[{"name":"wp","href":"https:\/\/api.w.org\/{rel}","templated":true}]}}