{"id":7446,"date":"2025-08-07T10:45:19","date_gmt":"2025-08-07T14:45:19","guid":{"rendered":"https:\/\/suanoticiaaqui.com.br\/news\/?p=7446"},"modified":"2025-08-07T10:45:19","modified_gmt":"2025-08-07T14:45:19","slug":"trump-impoe-tarifa-recorde-e-brasil-enfrenta-maior-custo-do-mundo-para-exportar-aos-eua","status":"publish","type":"post","link":"https:\/\/suanoticiaaqui.com.br\/news\/2025\/08\/07\/trump-impoe-tarifa-recorde-e-brasil-enfrenta-maior-custo-do-mundo-para-exportar-aos-eua\/","title":{"rendered":"Trump imp\u00f5e tarifa recorde e Brasil enfrenta maior custo do mundo para exportar aos EUA"},"content":{"rendered":"\n<p>Nova al\u00edquota de 50% torna exporta\u00e7\u00e3o brasileira a mais taxada do mundo<\/p>\n\n\n\n<ul class=\"wp-block-list\">\n<li><a href=\"https:\/\/bradockshow.com.br\/author\/marcotoledo\/\"><\/a>por <a href=\"https:\/\/bradockshow.com.br\/author\/marcotoledo\/\">Marco Toledo<\/a><\/li>\n<\/ul>\n\n\n\n<p>Entrou em vigor nesta quarta-feira (6) a sobretaxa de importa\u00e7\u00e3o imposta pelos Estados Unidos sobre produtos brasileiros.<\/p>\n\n\n\n<p>A medida, assinada por Donald Trump em 30 de julho, eleva a tarifa total para 50%, tornando o Brasil o pa\u00eds com a maior taxa para entrar no mercado norte-americano. A nova pol\u00edtica afeta diretamente setores agroindustriais e de manufaturas.<\/p>\n\n\n\n<p>O decreto faz parte da estrat\u00e9gia de prote\u00e7\u00e3o \u00e0 ind\u00fastria americana e \u00e9 interpretado por analistas como press\u00e3o pol\u00edtica sobre o governo brasileiro. Apesar disso, alguns produtos foram poupados, como suco de laranja, aeronaves civis, petr\u00f3leo, ve\u00edculos e fertilizantes. Ainda assim, os impactos podem ser severos, com risco de queda nas exporta\u00e7\u00f5es e perda de competitividade.<\/p>\n\n\n\n<p>O Brasil acionou a OMC contra a decis\u00e3o, mas o processo \u00e9 demorado e sem garantias. Paralelamente, a diplomacia brasileira estuda alternativas bilaterais e mecanismos de compensa\u00e7\u00e3o aos setores mais afetados.<\/p>\n","protected":false},"excerpt":{"rendered":"<p>Nova al\u00edquota de 50% torna exporta\u00e7\u00e3o brasileira a mais taxada do mundo Entrou em vigor nesta quarta-feira (6) a sobretaxa&hellip;<\/p>\n","protected":false},"author":1,"featured_media":7447,"comment_status":"open","ping_status":"open","sticky":false,"template":"","format":"standard","meta":{"footnotes":""},"categories":[1],"tags":[],"class_list":["post-7446","post","type-post","status-publish","format-standard","has-post-thumbnail","hentry","category-uncategorized"],"_links":{"self":[{"href":"https:\/\/suanoticiaaqui.com.br\/news\/wp-json\/wp\/v2\/posts\/7446","targetHints":{"allow":["GET"]}}],"collection":[{"href":"https:\/\/suanoticiaaqui.com.br\/news\/wp-json\/wp\/v2\/posts"}],"about":[{"href":"https:\/\/suanoticiaaqui.com.br\/news\/wp-json\/wp\/v2\/types\/post"}],"author":[{"embeddable":true,"href":"https:\/\/suanoticiaaqui.com.br\/news\/wp-json\/wp\/v2\/users\/1"}],"replies":[{"embeddable":true,"href":"https:\/\/suanoticiaaqui.com.br\/news\/wp-json\/wp\/v2\/comments?post=7446"}],"version-history":[{"count":1,"href":"https:\/\/suanoticiaaqui.com.br\/news\/wp-json\/wp\/v2\/posts\/7446\/revisions"}],"predecessor-version":[{"id":7448,"href":"https:\/\/suanoticiaaqui.com.br\/news\/wp-json\/wp\/v2\/posts\/7446\/revisions\/7448"}],"wp:featuredmedia":[{"embeddable":true,"href":"https:\/\/suanoticiaaqui.com.br\/news\/wp-json\/wp\/v2\/media\/7447"}],"wp:attachment":[{"href":"https:\/\/suanoticiaaqui.com.br\/news\/wp-json\/wp\/v2\/media?parent=7446"}],"wp:term":[{"taxonomy":"category","embeddable":true,"href":"https:\/\/suanoticiaaqui.com.br\/news\/wp-json\/wp\/v2\/categories?post=7446"},{"taxonomy":"post_tag","embeddable":true,"href":"https:\/\/suanoticiaaqui.com.br\/news\/wp-json\/wp\/v2\/tags?post=7446"}],"curies":[{"name":"wp","href":"https:\/\/api.w.org\/{rel}","templated":true}]}}