{"id":7452,"date":"2025-08-07T10:46:54","date_gmt":"2025-08-07T14:46:54","guid":{"rendered":"https:\/\/suanoticiaaqui.com.br\/news\/?p=7452"},"modified":"2025-08-07T10:46:54","modified_gmt":"2025-08-07T14:46:54","slug":"gilmar-defende-moraes-e-ataca-sancoes-dos-eua-em-meio-a-crise-diplomatica","status":"publish","type":"post","link":"https:\/\/suanoticiaaqui.com.br\/news\/2025\/08\/07\/gilmar-defende-moraes-e-ataca-sancoes-dos-eua-em-meio-a-crise-diplomatica\/","title":{"rendered":"Gilmar defende Moraes e ataca san\u00e7\u00f5es dos EUA em meio \u00e0 crise diplom\u00e1tica"},"content":{"rendered":"\n<p>Ministro tenta minimizar medidas de Trump e refor\u00e7a blindagem institucional ao colega de Corte<\/p>\n\n\n\n<ul class=\"wp-block-list\">\n<li><a href=\"https:\/\/bradockshow.com.br\/author\/marcotoledo\/\"><\/a>por <a href=\"https:\/\/bradockshow.com.br\/author\/marcotoledo\/\">Marco Toledo<\/a><\/li>\n<\/ul>\n\n\n\n<p>Durante evento da Esfera Brasil, em Bras\u00edlia, o ministro Gilmar Mendes saiu em defesa de Alexandre de Moraes, alvo de san\u00e7\u00f5es do governo Trump por supostas viola\u00e7\u00f5es de direitos humanos.<\/p>\n\n\n\n<p>Mendes afirmou que Moraes tem \u201cconfian\u00e7a e apoio integral\u201d do STF, ignorando a gravidade das acusa\u00e7\u00f5es e tratando a inclus\u00e3o na Lei Magnitsky como mera afronta \u00e0 soberania nacional.<\/p>\n\n\n\n<p>As declara\u00e7\u00f5es de Gilmar ocorrem ap\u00f3s o Brasil sofrer uma tarifa recorde de 50% sobre exporta\u00e7\u00f5es aos EUA e no momento em que Moraes enfrenta cr\u00edticas internacionais por suas a\u00e7\u00f5es \u00e0 frente do Judici\u00e1rio.<\/p>\n\n\n\n<p>Ainda assim, o ministro classificou as san\u00e7\u00f5es como \u201cinaceit\u00e1veis\u201d e condenou o uso de tarifas como instrumentos de press\u00e3o.<\/p>\n\n\n\n<p>Ao relativizar os fatos e defender o colega, Gilmar refor\u00e7a o isolamento institucional da Corte e minimiza os alertas internacionais. Em vez de autocr\u00edtica, opta por vitimiza\u00e7\u00e3o e ret\u00f3rica nacionalista, ignorando o cerne do problema: a crescente desconfian\u00e7a externa sobre os abusos cometidos em nome da \u201clegalidade\u201d.<\/p>\n","protected":false},"excerpt":{"rendered":"<p>Ministro tenta minimizar medidas de Trump e refor\u00e7a blindagem institucional ao colega de Corte Durante evento da Esfera Brasil, em&hellip;<\/p>\n","protected":false},"author":1,"featured_media":7453,"comment_status":"open","ping_status":"open","sticky":false,"template":"","format":"standard","meta":{"footnotes":""},"categories":[1],"tags":[],"class_list":["post-7452","post","type-post","status-publish","format-standard","has-post-thumbnail","hentry","category-uncategorized"],"_links":{"self":[{"href":"https:\/\/suanoticiaaqui.com.br\/news\/wp-json\/wp\/v2\/posts\/7452","targetHints":{"allow":["GET"]}}],"collection":[{"href":"https:\/\/suanoticiaaqui.com.br\/news\/wp-json\/wp\/v2\/posts"}],"about":[{"href":"https:\/\/suanoticiaaqui.com.br\/news\/wp-json\/wp\/v2\/types\/post"}],"author":[{"embeddable":true,"href":"https:\/\/suanoticiaaqui.com.br\/news\/wp-json\/wp\/v2\/users\/1"}],"replies":[{"embeddable":true,"href":"https:\/\/suanoticiaaqui.com.br\/news\/wp-json\/wp\/v2\/comments?post=7452"}],"version-history":[{"count":1,"href":"https:\/\/suanoticiaaqui.com.br\/news\/wp-json\/wp\/v2\/posts\/7452\/revisions"}],"predecessor-version":[{"id":7454,"href":"https:\/\/suanoticiaaqui.com.br\/news\/wp-json\/wp\/v2\/posts\/7452\/revisions\/7454"}],"wp:featuredmedia":[{"embeddable":true,"href":"https:\/\/suanoticiaaqui.com.br\/news\/wp-json\/wp\/v2\/media\/7453"}],"wp:attachment":[{"href":"https:\/\/suanoticiaaqui.com.br\/news\/wp-json\/wp\/v2\/media?parent=7452"}],"wp:term":[{"taxonomy":"category","embeddable":true,"href":"https:\/\/suanoticiaaqui.com.br\/news\/wp-json\/wp\/v2\/categories?post=7452"},{"taxonomy":"post_tag","embeddable":true,"href":"https:\/\/suanoticiaaqui.com.br\/news\/wp-json\/wp\/v2\/tags?post=7452"}],"curies":[{"name":"wp","href":"https:\/\/api.w.org\/{rel}","templated":true}]}}