{"id":7458,"date":"2025-08-07T10:48:29","date_gmt":"2025-08-07T14:48:29","guid":{"rendered":"https:\/\/suanoticiaaqui.com.br\/news\/?p=7458"},"modified":"2025-08-07T10:48:29","modified_gmt":"2025-08-07T14:48:29","slug":"haddad-admite-tarifaco-e-prepara-resposta-com-medida-provisoria","status":"publish","type":"post","link":"https:\/\/suanoticiaaqui.com.br\/news\/2025\/08\/07\/haddad-admite-tarifaco-e-prepara-resposta-com-medida-provisoria\/","title":{"rendered":"Haddad admite tarifa\u00e7o e prepara resposta com medida provis\u00f3ria"},"content":{"rendered":"\n<p>Ministro fala em urg\u00eancia, mas plano carece de clareza e depende de aval de Lula<\/p>\n\n\n\n<ul class=\"wp-block-list\">\n<li><a href=\"https:\/\/bradockshow.com.br\/author\/marcotoledo\/\"><\/a>por <a href=\"https:\/\/bradockshow.com.br\/author\/marcotoledo\/\">Marco Toledo<\/a><\/li>\n<\/ul>\n\n\n\n<p>Fernando Haddad afirmou nesta quarta-feira (6) que o plano para conter os impactos do tarifa\u00e7o imposto pelos EUA j\u00e1 est\u00e1 pronto no Minist\u00e9rio da Fazenda e poder\u00e1 ser apresentado por medida provis\u00f3ria.<\/p>\n\n\n\n<p>No entanto, o ministro repassou ao presidente Lula a responsabilidade de decidir o momento do an\u00fancio, indicando falta de defini\u00e7\u00e3o estrat\u00e9gica.<\/p>\n\n\n\n<p>Haddad destacou que detalhes sobre os impactos \u201cempresa por empresa\u201d ainda ser\u00e3o enviados pela Casa Civil, mas garantiu que parte das a\u00e7\u00f5es pode ser feita sem passar pelo Congresso.<\/p>\n\n\n\n<p>Apesar disso, medidas provis\u00f3rias exigem urg\u00eancia e relev\u00e2ncia, crit\u00e9rios que o governo ainda n\u00e3o demonstrou com clareza.<\/p>\n\n\n\n<p>Com tarifas de at\u00e9 50% impostas pelo governo Trump, o Brasil v\u00ea suas exporta\u00e7\u00f5es amea\u00e7adas. A resposta de Haddad, centrada em cr\u00e9dito a pequenos produtores, soa t\u00edmida diante da gravidade da crise. Falta firmeza e agilidade em um momento em que o setor produtivo clama por a\u00e7\u00f5es concretas.<\/p>\n","protected":false},"excerpt":{"rendered":"<p>Ministro fala em urg\u00eancia, mas plano carece de clareza e depende de aval de Lula Fernando Haddad afirmou nesta quarta-feira&hellip;<\/p>\n","protected":false},"author":1,"featured_media":7459,"comment_status":"open","ping_status":"open","sticky":false,"template":"","format":"standard","meta":{"footnotes":""},"categories":[1],"tags":[],"class_list":["post-7458","post","type-post","status-publish","format-standard","has-post-thumbnail","hentry","category-uncategorized"],"_links":{"self":[{"href":"https:\/\/suanoticiaaqui.com.br\/news\/wp-json\/wp\/v2\/posts\/7458","targetHints":{"allow":["GET"]}}],"collection":[{"href":"https:\/\/suanoticiaaqui.com.br\/news\/wp-json\/wp\/v2\/posts"}],"about":[{"href":"https:\/\/suanoticiaaqui.com.br\/news\/wp-json\/wp\/v2\/types\/post"}],"author":[{"embeddable":true,"href":"https:\/\/suanoticiaaqui.com.br\/news\/wp-json\/wp\/v2\/users\/1"}],"replies":[{"embeddable":true,"href":"https:\/\/suanoticiaaqui.com.br\/news\/wp-json\/wp\/v2\/comments?post=7458"}],"version-history":[{"count":1,"href":"https:\/\/suanoticiaaqui.com.br\/news\/wp-json\/wp\/v2\/posts\/7458\/revisions"}],"predecessor-version":[{"id":7460,"href":"https:\/\/suanoticiaaqui.com.br\/news\/wp-json\/wp\/v2\/posts\/7458\/revisions\/7460"}],"wp:featuredmedia":[{"embeddable":true,"href":"https:\/\/suanoticiaaqui.com.br\/news\/wp-json\/wp\/v2\/media\/7459"}],"wp:attachment":[{"href":"https:\/\/suanoticiaaqui.com.br\/news\/wp-json\/wp\/v2\/media?parent=7458"}],"wp:term":[{"taxonomy":"category","embeddable":true,"href":"https:\/\/suanoticiaaqui.com.br\/news\/wp-json\/wp\/v2\/categories?post=7458"},{"taxonomy":"post_tag","embeddable":true,"href":"https:\/\/suanoticiaaqui.com.br\/news\/wp-json\/wp\/v2\/tags?post=7458"}],"curies":[{"name":"wp","href":"https:\/\/api.w.org\/{rel}","templated":true}]}}