{"id":7461,"date":"2025-08-07T11:05:10","date_gmt":"2025-08-07T15:05:10","guid":{"rendered":"https:\/\/suanoticiaaqui.com.br\/news\/?p=7461"},"modified":"2025-08-07T11:05:10","modified_gmt":"2025-08-07T15:05:10","slug":"eduardo-bolsonaro-articula-apoio-internacional-para-ampliar-sancoes-contra-alexandre-de-moraes","status":"publish","type":"post","link":"https:\/\/suanoticiaaqui.com.br\/news\/2025\/08\/07\/eduardo-bolsonaro-articula-apoio-internacional-para-ampliar-sancoes-contra-alexandre-de-moraes\/","title":{"rendered":"Eduardo Bolsonaro articula apoio internacional para ampliar san\u00e7\u00f5es contra Alexandre de Moraes"},"content":{"rendered":"\n<p>Deputado busca Europa e Mercosul ap\u00f3s medida dos EUA expor abusos do ministro do STF<\/p>\n\n\n\n<ul class=\"wp-block-list\">\n<li><a href=\"https:\/\/bradockshow.com.br\/author\/marcotoledo\/\"><\/a>por <a href=\"https:\/\/bradockshow.com.br\/author\/marcotoledo\/\">Marco Toledo<\/a><\/li>\n<\/ul>\n\n\n\n<p>O deputado Eduardo Bolsonaro (PL-SP) anunciou que pretende mobilizar pa\u00edses da Europa e do Mercosul para refor\u00e7ar o cerco internacional contra Alexandre de Moraes.<\/p>\n\n\n\n<p>Ap\u00f3s a aplica\u00e7\u00e3o da Lei Magnitsky pelos Estados Unidos, que congelou bens do ministro e o proibiu de manter rela\u00e7\u00f5es comerciais com cidad\u00e3os norte-americanos, Eduardo quer transformar a puni\u00e7\u00e3o em um movimento global de rep\u00fadio \u00e0s viola\u00e7\u00f5es de direitos humanos atribu\u00eddas ao magistrado.<\/p>\n\n\n\n<p>Em entrevista, Eduardo declarou que espera apenas a confirma\u00e7\u00e3o de que seu nome n\u00e3o consta na lista da Interpol para iniciar uma s\u00e9rie de viagens pela Europa. \u201cVamos denunciar os abusos e buscar que san\u00e7\u00f5es atinjam diretamente os respons\u00e1veis, n\u00e3o o Brasil\u201d, afirmou.<\/p>\n\n\n\n<p>A ofensiva internacional liderada por Eduardo Bolsonaro sinaliza que a press\u00e3o contra Moraes ultrapassou fronteiras e ganha for\u00e7a pol\u00edtica em defesa das liberdades civis e garantias constitucionais.<\/p>\n","protected":false},"excerpt":{"rendered":"<p>Deputado busca Europa e Mercosul ap\u00f3s medida dos EUA expor abusos do ministro do STF O deputado Eduardo Bolsonaro (PL-SP)&hellip;<\/p>\n","protected":false},"author":1,"featured_media":7462,"comment_status":"open","ping_status":"open","sticky":false,"template":"","format":"standard","meta":{"footnotes":""},"categories":[1],"tags":[],"class_list":["post-7461","post","type-post","status-publish","format-standard","has-post-thumbnail","hentry","category-uncategorized"],"_links":{"self":[{"href":"https:\/\/suanoticiaaqui.com.br\/news\/wp-json\/wp\/v2\/posts\/7461","targetHints":{"allow":["GET"]}}],"collection":[{"href":"https:\/\/suanoticiaaqui.com.br\/news\/wp-json\/wp\/v2\/posts"}],"about":[{"href":"https:\/\/suanoticiaaqui.com.br\/news\/wp-json\/wp\/v2\/types\/post"}],"author":[{"embeddable":true,"href":"https:\/\/suanoticiaaqui.com.br\/news\/wp-json\/wp\/v2\/users\/1"}],"replies":[{"embeddable":true,"href":"https:\/\/suanoticiaaqui.com.br\/news\/wp-json\/wp\/v2\/comments?post=7461"}],"version-history":[{"count":1,"href":"https:\/\/suanoticiaaqui.com.br\/news\/wp-json\/wp\/v2\/posts\/7461\/revisions"}],"predecessor-version":[{"id":7463,"href":"https:\/\/suanoticiaaqui.com.br\/news\/wp-json\/wp\/v2\/posts\/7461\/revisions\/7463"}],"wp:featuredmedia":[{"embeddable":true,"href":"https:\/\/suanoticiaaqui.com.br\/news\/wp-json\/wp\/v2\/media\/7462"}],"wp:attachment":[{"href":"https:\/\/suanoticiaaqui.com.br\/news\/wp-json\/wp\/v2\/media?parent=7461"}],"wp:term":[{"taxonomy":"category","embeddable":true,"href":"https:\/\/suanoticiaaqui.com.br\/news\/wp-json\/wp\/v2\/categories?post=7461"},{"taxonomy":"post_tag","embeddable":true,"href":"https:\/\/suanoticiaaqui.com.br\/news\/wp-json\/wp\/v2\/tags?post=7461"}],"curies":[{"name":"wp","href":"https:\/\/api.w.org\/{rel}","templated":true}]}}