{"id":7467,"date":"2025-08-07T11:09:05","date_gmt":"2025-08-07T15:09:05","guid":{"rendered":"https:\/\/suanoticiaaqui.com.br\/news\/?p=7467"},"modified":"2025-08-07T11:09:05","modified_gmt":"2025-08-07T15:09:05","slug":"brasileiro-e-executado-por-pistoleiros-em-bairro-da-fronteira-com-ponta-pora","status":"publish","type":"post","link":"https:\/\/suanoticiaaqui.com.br\/news\/2025\/08\/07\/brasileiro-e-executado-por-pistoleiros-em-bairro-da-fronteira-com-ponta-pora\/","title":{"rendered":"Brasileiro \u00e9 executado por pistoleiros em bairro da fronteira com Ponta Por\u00e3"},"content":{"rendered":"\n<ul class=\"wp-block-list\">\n<li>por Luiz Guilherme<\/li>\n<\/ul>\n\n\n\n<p>Brasileiro identificado como Rafael Gonz\u00e1lez Bermejo, de 31 anos, foi executado com v\u00e1rios tiros de arma de fogo na regi\u00e3o da cabe\u00e7a, na noite desta quarta-feira (6\/8), enquanto estava na cal\u00e7ada de uma resid\u00eancia no Bairro San Gerardo, em Pedro Juan Caballero, na fronteira com Ponta Por\u00e3.<\/p>\n\n\n\n<p>O ataque ocorreu na Rua Coronel Mart\u00ednez, entre as vias Choferes del Chaco e Elisa Lynch.<\/p>\n\n\n\n<p>Conhecido pelos apelidos \u201cCara Branca\u201d e \u201cAlem\u00e3o\u201d, Rafael colecionava antecedentes criminais por tr\u00e1fico de drogas, armas e roubo de ve\u00edculo. No momento do ataque, ele portava pistola nove mil\u00edmetros e tr\u00eas carregadores na cintura.<\/p>\n\n\n\n<p>Segundo o jornal \u00daltima Hora, no mesmo ataque, Lucas Salinas Irala, de 20 anos, sobrinho do narcotraficante Ederson Salinas, o \u201cRyguassu\u201d, tamb\u00e9m foi ferido a tiros.<\/p>\n\n\n\n<p>Conhecido como \u201cRyguasu\u2019i\u201d, Lucas conseguiu correr ferido at\u00e9 uma casa pr\u00f3xima e foi levado ao Hospital Viva Vida. O estado de sa\u00fade \u00e9 considerado delicado.<\/p>\n\n\n\n<p>Em rela\u00e7\u00e3o \u00e0 morte de Rafael, o legista do Minist\u00e9rio P\u00fablico do Paraguai, C\u00e9sar Gonz\u00e1lez Haiter, afirmou que ocorreu por \u201cexplos\u00e3o de massa encef\u00e1lica\u201d, em raz\u00e3o dos m\u00faltiplos disparos.<\/p>\n\n\n\n<p>No local foi deixado um panfleto com dizeres em guarani, cujo conte\u00fado ainda n\u00e3o foi divulgado. A Pol\u00edcia Nacional e o Minist\u00e9rio P\u00fablico do Paraguai investigam se o crime tem rela\u00e7\u00e3o com disputas recentes entre fac\u00e7\u00f5es criminosas que atuam na fronteira.<\/p>\n","protected":false},"excerpt":{"rendered":"<p>Brasileiro identificado como Rafael Gonz\u00e1lez Bermejo, de 31 anos, foi executado com v\u00e1rios tiros de arma de fogo na regi\u00e3o&hellip;<\/p>\n","protected":false},"author":1,"featured_media":7468,"comment_status":"open","ping_status":"open","sticky":false,"template":"","format":"standard","meta":{"footnotes":""},"categories":[1],"tags":[],"class_list":["post-7467","post","type-post","status-publish","format-standard","has-post-thumbnail","hentry","category-uncategorized"],"_links":{"self":[{"href":"https:\/\/suanoticiaaqui.com.br\/news\/wp-json\/wp\/v2\/posts\/7467","targetHints":{"allow":["GET"]}}],"collection":[{"href":"https:\/\/suanoticiaaqui.com.br\/news\/wp-json\/wp\/v2\/posts"}],"about":[{"href":"https:\/\/suanoticiaaqui.com.br\/news\/wp-json\/wp\/v2\/types\/post"}],"author":[{"embeddable":true,"href":"https:\/\/suanoticiaaqui.com.br\/news\/wp-json\/wp\/v2\/users\/1"}],"replies":[{"embeddable":true,"href":"https:\/\/suanoticiaaqui.com.br\/news\/wp-json\/wp\/v2\/comments?post=7467"}],"version-history":[{"count":1,"href":"https:\/\/suanoticiaaqui.com.br\/news\/wp-json\/wp\/v2\/posts\/7467\/revisions"}],"predecessor-version":[{"id":7469,"href":"https:\/\/suanoticiaaqui.com.br\/news\/wp-json\/wp\/v2\/posts\/7467\/revisions\/7469"}],"wp:featuredmedia":[{"embeddable":true,"href":"https:\/\/suanoticiaaqui.com.br\/news\/wp-json\/wp\/v2\/media\/7468"}],"wp:attachment":[{"href":"https:\/\/suanoticiaaqui.com.br\/news\/wp-json\/wp\/v2\/media?parent=7467"}],"wp:term":[{"taxonomy":"category","embeddable":true,"href":"https:\/\/suanoticiaaqui.com.br\/news\/wp-json\/wp\/v2\/categories?post=7467"},{"taxonomy":"post_tag","embeddable":true,"href":"https:\/\/suanoticiaaqui.com.br\/news\/wp-json\/wp\/v2\/tags?post=7467"}],"curies":[{"name":"wp","href":"https:\/\/api.w.org\/{rel}","templated":true}]}}