{"id":7473,"date":"2025-08-07T11:10:58","date_gmt":"2025-08-07T15:10:58","guid":{"rendered":"https:\/\/suanoticiaaqui.com.br\/news\/?p=7473"},"modified":"2025-08-07T11:10:58","modified_gmt":"2025-08-07T15:10:58","slug":"policia-civil-prende-lideranca-indigena-acusado-de-estupro-de-vulneravel","status":"publish","type":"post","link":"https:\/\/suanoticiaaqui.com.br\/news\/2025\/08\/07\/policia-civil-prende-lideranca-indigena-acusado-de-estupro-de-vulneravel\/","title":{"rendered":"Pol\u00edcia Civil prende lideran\u00e7a ind\u00edgena acusado de estupro de vulner\u00e1vel"},"content":{"rendered":"\n<ul class=\"wp-block-list\">\n<li>por Luiz Guilherme<\/li>\n<\/ul>\n\n\n\n<p>Lideran\u00e7a ind\u00edgena, que n\u00e3o teve a identidade divulgada pelas autoridades, foi preso nesta quinta-feira (7\/8), em trabalho conjunto dos policiais da 1\u00aa Delegacia e da DAM (Delegacia de Atendimento \u00e0 Mulher) de Ponta Por\u00e3 e Ant\u00f4nio Jo\u00e3o, acusado de estupro de vulner\u00e1vel. O alvo reside em uma aldeia localizada na regi\u00e3o da Cabeceira do Apa.<\/p>\n\n\n\n<p>A investiga\u00e7\u00e3o teve in\u00edcio a partir de den\u00fancia an\u00f4nima recebida por meio do canal Disque 100, posteriormente formalizada pelo Conselho Tutelar local. As informa\u00e7\u00f5es indicavam que o investigado estaria praticando reiteradamente crimes de estupro de vulner\u00e1vel, em s\u00e9rie, contra diversas v\u00edtimas, incluindo crian\u00e7as, adolescentes, idosos e membros de sua pr\u00f3pria fam\u00edlia, todos integrantes da comunidade ind\u00edgena.<\/p>\n\n\n\n<p>As dilig\u00eancias preliminares apontaram que as v\u00edtimas apresentavam temor fundado em denunciar os abusos, receosas de sofrer repres\u00e1lias ou at\u00e9 mesmo serem expulsas da aldeia, dada a posi\u00e7\u00e3o de lideran\u00e7a exercida pelo investigado.<\/p>\n\n\n\n<p>Diante da gravidade dos fatos e da necessidade de preservar a integridade f\u00edsica e psicol\u00f3gica das v\u00edtimas, representou-se pela decreta\u00e7\u00e3o da pris\u00e3o tempor\u00e1ria do investigado, medida que foi deferida pelo Poder Judici\u00e1rio e devidamente cumprida na presente data.<\/p>\n\n\n\n<p>Com a segrega\u00e7\u00e3o cautelar do suspeito, a expectativa \u00e9 que novas v\u00edtimas, at\u00e9 ent\u00e3o silenciadas pelo medo, sintam-se encorajadas a procurar a Delegacia de Pol\u00edcia para formalizar suas den\u00fancias e colaborar com a completa elucida\u00e7\u00e3o dos fatos.<\/p>\n\n\n\n<p>As investiga\u00e7\u00f5es prosseguem sob sigilo legal, a fim de resguardar as v\u00edtimas e a comunidade envolvida.<\/p>\n","protected":false},"excerpt":{"rendered":"<p>Lideran\u00e7a ind\u00edgena, que n\u00e3o teve a identidade divulgada pelas autoridades, foi preso nesta quinta-feira (7\/8), em trabalho conjunto dos policiais&hellip;<\/p>\n","protected":false},"author":1,"featured_media":7474,"comment_status":"open","ping_status":"open","sticky":false,"template":"","format":"standard","meta":{"footnotes":""},"categories":[1],"tags":[],"class_list":["post-7473","post","type-post","status-publish","format-standard","has-post-thumbnail","hentry","category-uncategorized"],"_links":{"self":[{"href":"https:\/\/suanoticiaaqui.com.br\/news\/wp-json\/wp\/v2\/posts\/7473","targetHints":{"allow":["GET"]}}],"collection":[{"href":"https:\/\/suanoticiaaqui.com.br\/news\/wp-json\/wp\/v2\/posts"}],"about":[{"href":"https:\/\/suanoticiaaqui.com.br\/news\/wp-json\/wp\/v2\/types\/post"}],"author":[{"embeddable":true,"href":"https:\/\/suanoticiaaqui.com.br\/news\/wp-json\/wp\/v2\/users\/1"}],"replies":[{"embeddable":true,"href":"https:\/\/suanoticiaaqui.com.br\/news\/wp-json\/wp\/v2\/comments?post=7473"}],"version-history":[{"count":1,"href":"https:\/\/suanoticiaaqui.com.br\/news\/wp-json\/wp\/v2\/posts\/7473\/revisions"}],"predecessor-version":[{"id":7475,"href":"https:\/\/suanoticiaaqui.com.br\/news\/wp-json\/wp\/v2\/posts\/7473\/revisions\/7475"}],"wp:featuredmedia":[{"embeddable":true,"href":"https:\/\/suanoticiaaqui.com.br\/news\/wp-json\/wp\/v2\/media\/7474"}],"wp:attachment":[{"href":"https:\/\/suanoticiaaqui.com.br\/news\/wp-json\/wp\/v2\/media?parent=7473"}],"wp:term":[{"taxonomy":"category","embeddable":true,"href":"https:\/\/suanoticiaaqui.com.br\/news\/wp-json\/wp\/v2\/categories?post=7473"},{"taxonomy":"post_tag","embeddable":true,"href":"https:\/\/suanoticiaaqui.com.br\/news\/wp-json\/wp\/v2\/tags?post=7473"}],"curies":[{"name":"wp","href":"https:\/\/api.w.org\/{rel}","templated":true}]}}