{"id":7476,"date":"2025-08-07T11:11:45","date_gmt":"2025-08-07T15:11:45","guid":{"rendered":"https:\/\/suanoticiaaqui.com.br\/news\/?p=7476"},"modified":"2025-08-07T11:11:45","modified_gmt":"2025-08-07T15:11:45","slug":"prisao-domiciliar-de-bolsonaro-expoe-racha-no-stf","status":"publish","type":"post","link":"https:\/\/suanoticiaaqui.com.br\/news\/2025\/08\/07\/prisao-domiciliar-de-bolsonaro-expoe-racha-no-stf\/","title":{"rendered":"Pris\u00e3o domiciliar de Bolsonaro exp\u00f5e racha no STF"},"content":{"rendered":"\n<p>Decis\u00e3o de Moraes \u00e9 vista como precipitada e gera desconforto entre ministros<\/p>\n\n\n\n<ul class=\"wp-block-list\">\n<li><a href=\"https:\/\/bradockshow.com.br\/author\/marcotoledo\/\"><\/a>por <a href=\"https:\/\/bradockshow.com.br\/author\/marcotoledo\/\">Marco Toledo<\/a><\/li>\n<\/ul>\n\n\n\n<p>A determina\u00e7\u00e3o do ministro Alexandre de Moraes de impor pris\u00e3o domiciliar a Jair Bolsonaro provocou tens\u00e3o nos bastidores do Supremo.<\/p>\n\n\n\n<p>Ministros ouvidos pela Revista Oeste afirmaram, sob anonimato, que a medida foi precipitada e que seria mais prudente aguardar o fim da a\u00e7\u00e3o penal sobre a suposta tentativa de golpe.<\/p>\n\n\n\n<p>A decis\u00e3o acirra \u00e2nimos pol\u00edticos, especialmente ap\u00f3s os EUA aplicarem san\u00e7\u00f5es a Moraes. Nos bastidores, ministros temem que parentes e bens no exterior sejam afetados, apesar do discurso altivo adotado oficialmente.<\/p>\n\n\n\n<p>O mal-estar interno ficou evidente quando cinco ministros se ausentaram de um jantar com Lula, articulado por Barroso e Gilmar Mendes.<\/p>\n\n\n\n<p>Analistas apontam que, al\u00e9m de confrontar a base bolsonarista, a medida fragiliza a imagem de unidade da Corte em um momento de forte desgaste pol\u00edtico e press\u00e3o internacional.<\/p>\n","protected":false},"excerpt":{"rendered":"<p>Decis\u00e3o de Moraes \u00e9 vista como precipitada e gera desconforto entre ministros A determina\u00e7\u00e3o do ministro Alexandre de Moraes de&hellip;<\/p>\n","protected":false},"author":1,"featured_media":7477,"comment_status":"open","ping_status":"open","sticky":false,"template":"","format":"standard","meta":{"footnotes":""},"categories":[1],"tags":[],"class_list":["post-7476","post","type-post","status-publish","format-standard","has-post-thumbnail","hentry","category-uncategorized"],"_links":{"self":[{"href":"https:\/\/suanoticiaaqui.com.br\/news\/wp-json\/wp\/v2\/posts\/7476","targetHints":{"allow":["GET"]}}],"collection":[{"href":"https:\/\/suanoticiaaqui.com.br\/news\/wp-json\/wp\/v2\/posts"}],"about":[{"href":"https:\/\/suanoticiaaqui.com.br\/news\/wp-json\/wp\/v2\/types\/post"}],"author":[{"embeddable":true,"href":"https:\/\/suanoticiaaqui.com.br\/news\/wp-json\/wp\/v2\/users\/1"}],"replies":[{"embeddable":true,"href":"https:\/\/suanoticiaaqui.com.br\/news\/wp-json\/wp\/v2\/comments?post=7476"}],"version-history":[{"count":1,"href":"https:\/\/suanoticiaaqui.com.br\/news\/wp-json\/wp\/v2\/posts\/7476\/revisions"}],"predecessor-version":[{"id":7478,"href":"https:\/\/suanoticiaaqui.com.br\/news\/wp-json\/wp\/v2\/posts\/7476\/revisions\/7478"}],"wp:featuredmedia":[{"embeddable":true,"href":"https:\/\/suanoticiaaqui.com.br\/news\/wp-json\/wp\/v2\/media\/7477"}],"wp:attachment":[{"href":"https:\/\/suanoticiaaqui.com.br\/news\/wp-json\/wp\/v2\/media?parent=7476"}],"wp:term":[{"taxonomy":"category","embeddable":true,"href":"https:\/\/suanoticiaaqui.com.br\/news\/wp-json\/wp\/v2\/categories?post=7476"},{"taxonomy":"post_tag","embeddable":true,"href":"https:\/\/suanoticiaaqui.com.br\/news\/wp-json\/wp\/v2\/tags?post=7476"}],"curies":[{"name":"wp","href":"https:\/\/api.w.org\/{rel}","templated":true}]}}