{"id":7479,"date":"2025-08-07T11:13:19","date_gmt":"2025-08-07T15:13:19","guid":{"rendered":"https:\/\/suanoticiaaqui.com.br\/news\/?p=7479"},"modified":"2025-08-07T11:13:19","modified_gmt":"2025-08-07T15:13:19","slug":"homem-de-50-anos-para-socorrer-neto-e-atingido-por-moto-e-morre-na-ms-164","status":"publish","type":"post","link":"https:\/\/suanoticiaaqui.com.br\/news\/2025\/08\/07\/homem-de-50-anos-para-socorrer-neto-e-atingido-por-moto-e-morre-na-ms-164\/","title":{"rendered":"Homem de 50 anos para socorrer neto, \u00e9 atingido por moto e morre na MS-164"},"content":{"rendered":"\n<ul class=\"wp-block-list\">\n<li>por Luiz Guilherme<\/li>\n<\/ul>\n\n\n\n<p>Jo\u00e3o Francisco dos Santos Rodrigues, de 50 anos, morreu na tarde desta quarta-feira (6\/8), ap\u00f3s ser atingido por uma motocicleta conduzido por um homem de 35, na MS-164, em Ponta Por\u00e3. Este segundo ficou gravemente ferido.<\/p>\n\n\n\n<p>A batida aconteceu pr\u00f3ximo ao acesso ao assentamento Dorcelina Folador, no sentido Itamarati. Conforme consta no boletim de ocorr\u00eancia, Jo\u00e3o Francisco conduzia ve\u00edculo Chevrolet Corsa, acompanhado da esposa, de 37 anos, e do neto do casal.<\/p>\n\n\n\n<p>A mulher contou \u00e0 pol\u00edcia que o marido estacionou o carro no acostamento da pista para socorrer o neto que passava mal. Num determinado momento, ela e companheiro foram atingidos pela motocicleta de origem paraguaia, uma Star, que trafegava logo atr\u00e1s e bateu com a traseira esquerda do autom\u00f3vel.<\/p>\n\n\n\n<p>Com o impacto, Jo\u00e3o Francisco morreu na hora. A esposa sofreu dores na perna esquerda e foi socorrida com ferimentos leves pelo Corpo de Bombeiros at\u00e9 o HR (Hospital Regional) de Ponta Por\u00e3, onde recebeu atendimento e foi liberada.<\/p>\n\n\n\n<p>J\u00e1 o motociclista teve ferimentos graves como cortes na testa e nas m\u00e3os, al\u00e9m de traumas nos membros inferiores. Ele foi levado inconsciente ao hospital e permaneceu internado ap\u00f3s passar por exames de tomografia e raio-x.<\/p>\n\n\n\n<p>A PMR (Pol\u00edcia Militar Rodovi\u00e1ria), a PC (Pol\u00edcia Civil) e a per\u00edcia estiveram no local do acidente. A motocicleta foi apreendida e levada ao 1\u00ba Distrito Policial. O ve\u00edculo Corsa foi liberado a um familiar.<\/p>\n\n\n\n<p>A ocorr\u00eancia foi registrada como praticar homic\u00eddio culposo na dire\u00e7\u00e3o de ve\u00edculo automotor.<\/p>\n","protected":false},"excerpt":{"rendered":"<p>Jo\u00e3o Francisco dos Santos Rodrigues, de 50 anos, morreu na tarde desta quarta-feira (6\/8), ap\u00f3s ser atingido por uma motocicleta&hellip;<\/p>\n","protected":false},"author":1,"featured_media":7480,"comment_status":"open","ping_status":"open","sticky":false,"template":"","format":"standard","meta":{"footnotes":""},"categories":[1],"tags":[],"class_list":["post-7479","post","type-post","status-publish","format-standard","has-post-thumbnail","hentry","category-uncategorized"],"_links":{"self":[{"href":"https:\/\/suanoticiaaqui.com.br\/news\/wp-json\/wp\/v2\/posts\/7479","targetHints":{"allow":["GET"]}}],"collection":[{"href":"https:\/\/suanoticiaaqui.com.br\/news\/wp-json\/wp\/v2\/posts"}],"about":[{"href":"https:\/\/suanoticiaaqui.com.br\/news\/wp-json\/wp\/v2\/types\/post"}],"author":[{"embeddable":true,"href":"https:\/\/suanoticiaaqui.com.br\/news\/wp-json\/wp\/v2\/users\/1"}],"replies":[{"embeddable":true,"href":"https:\/\/suanoticiaaqui.com.br\/news\/wp-json\/wp\/v2\/comments?post=7479"}],"version-history":[{"count":1,"href":"https:\/\/suanoticiaaqui.com.br\/news\/wp-json\/wp\/v2\/posts\/7479\/revisions"}],"predecessor-version":[{"id":7481,"href":"https:\/\/suanoticiaaqui.com.br\/news\/wp-json\/wp\/v2\/posts\/7479\/revisions\/7481"}],"wp:featuredmedia":[{"embeddable":true,"href":"https:\/\/suanoticiaaqui.com.br\/news\/wp-json\/wp\/v2\/media\/7480"}],"wp:attachment":[{"href":"https:\/\/suanoticiaaqui.com.br\/news\/wp-json\/wp\/v2\/media?parent=7479"}],"wp:term":[{"taxonomy":"category","embeddable":true,"href":"https:\/\/suanoticiaaqui.com.br\/news\/wp-json\/wp\/v2\/categories?post=7479"},{"taxonomy":"post_tag","embeddable":true,"href":"https:\/\/suanoticiaaqui.com.br\/news\/wp-json\/wp\/v2\/tags?post=7479"}],"curies":[{"name":"wp","href":"https:\/\/api.w.org\/{rel}","templated":true}]}}