{"id":7482,"date":"2025-08-07T14:51:45","date_gmt":"2025-08-07T18:51:45","guid":{"rendered":"https:\/\/suanoticiaaqui.com.br\/news\/?p=7482"},"modified":"2025-08-07T14:51:45","modified_gmt":"2025-08-07T18:51:45","slug":"derrota-simbolica-expoe-rejeicao-a-tese-autoritaria-de-moraes","status":"publish","type":"post","link":"https:\/\/suanoticiaaqui.com.br\/news\/2025\/08\/07\/derrota-simbolica-expoe-rejeicao-a-tese-autoritaria-de-moraes\/","title":{"rendered":"Derrota simb\u00f3lica exp\u00f5e rejei\u00e7\u00e3o a tese autorit\u00e1ria de Moraes"},"content":{"rendered":"\n<p>Ministro do STF perde Pr\u00eamio Jabuti Acad\u00eamico com obra que prop\u00f5e censura e regula\u00e7\u00e3o das redes sociais<\/p>\n\n\n\n<ul class=\"wp-block-list\">\n<li><a href=\"https:\/\/bradockshow.com.br\/author\/marcotoledo\/\"><\/a>por <a href=\"https:\/\/bradockshow.com.br\/author\/marcotoledo\/\">Marco Toledo<\/a><\/li>\n<\/ul>\n\n\n\n<p>O ministro Alexandre de Moraes, conhecido por defender o controle estatal sobre o ambiente digital, foi derrotado na segunda edi\u00e7\u00e3o do Pr\u00eamio Jabuti Acad\u00eamico.<\/p>\n\n\n\n<p>Concorrendo na categoria Direito com o livro \u201cDemocracia e redes sociais: o desafio de combater o populismo digital extremista\u201d, Moraes viu a vit\u00f3ria ir para o jurista Orlando Villas B\u00f4as Filho e sua obra sobre antropologia e estudos sociojur\u00eddicos.<\/p>\n\n\n\n<p>A derrota revela o distanciamento do meio acad\u00eamico em rela\u00e7\u00e3o \u00e0 proposta do ministro, que defende medidas pol\u00eamicas como modera\u00e7\u00e3o autom\u00e1tica de conte\u00fados, puni\u00e7\u00f5es legais por discursos subjetivamente classificados como antidemocr\u00e1ticos e a equipara\u00e7\u00e3o das redes sociais \u00e0 m\u00eddia tradicional.<\/p>\n\n\n\n<p>Sua tese amea\u00e7a princ\u00edpios como a liberdade de express\u00e3o e a neutralidade da rede, e reflete um projeto de poder que visa silenciar opositores por meio do controle da informa\u00e7\u00e3o.<\/p>\n","protected":false},"excerpt":{"rendered":"<p>Ministro do STF perde Pr\u00eamio Jabuti Acad\u00eamico com obra que prop\u00f5e censura e regula\u00e7\u00e3o das redes sociais O ministro Alexandre&hellip;<\/p>\n","protected":false},"author":1,"featured_media":7483,"comment_status":"open","ping_status":"open","sticky":false,"template":"","format":"standard","meta":{"footnotes":""},"categories":[1],"tags":[],"class_list":["post-7482","post","type-post","status-publish","format-standard","has-post-thumbnail","hentry","category-uncategorized"],"_links":{"self":[{"href":"https:\/\/suanoticiaaqui.com.br\/news\/wp-json\/wp\/v2\/posts\/7482","targetHints":{"allow":["GET"]}}],"collection":[{"href":"https:\/\/suanoticiaaqui.com.br\/news\/wp-json\/wp\/v2\/posts"}],"about":[{"href":"https:\/\/suanoticiaaqui.com.br\/news\/wp-json\/wp\/v2\/types\/post"}],"author":[{"embeddable":true,"href":"https:\/\/suanoticiaaqui.com.br\/news\/wp-json\/wp\/v2\/users\/1"}],"replies":[{"embeddable":true,"href":"https:\/\/suanoticiaaqui.com.br\/news\/wp-json\/wp\/v2\/comments?post=7482"}],"version-history":[{"count":1,"href":"https:\/\/suanoticiaaqui.com.br\/news\/wp-json\/wp\/v2\/posts\/7482\/revisions"}],"predecessor-version":[{"id":7484,"href":"https:\/\/suanoticiaaqui.com.br\/news\/wp-json\/wp\/v2\/posts\/7482\/revisions\/7484"}],"wp:featuredmedia":[{"embeddable":true,"href":"https:\/\/suanoticiaaqui.com.br\/news\/wp-json\/wp\/v2\/media\/7483"}],"wp:attachment":[{"href":"https:\/\/suanoticiaaqui.com.br\/news\/wp-json\/wp\/v2\/media?parent=7482"}],"wp:term":[{"taxonomy":"category","embeddable":true,"href":"https:\/\/suanoticiaaqui.com.br\/news\/wp-json\/wp\/v2\/categories?post=7482"},{"taxonomy":"post_tag","embeddable":true,"href":"https:\/\/suanoticiaaqui.com.br\/news\/wp-json\/wp\/v2\/tags?post=7482"}],"curies":[{"name":"wp","href":"https:\/\/api.w.org\/{rel}","templated":true}]}}