{"id":7485,"date":"2025-08-07T14:52:46","date_gmt":"2025-08-07T18:52:46","guid":{"rendered":"https:\/\/suanoticiaaqui.com.br\/news\/?p=7485"},"modified":"2025-08-07T14:52:46","modified_gmt":"2025-08-07T18:52:46","slug":"lula-entre-a-cruz-e-a-tarifa-ceder-ou-isolar-se","status":"publish","type":"post","link":"https:\/\/suanoticiaaqui.com.br\/news\/2025\/08\/07\/lula-entre-a-cruz-e-a-tarifa-ceder-ou-isolar-se\/","title":{"rendered":"Lula entre a cruz e a tarifa: Ceder ou isolar-se?"},"content":{"rendered":"\n<p>Pressionado por setores econ\u00f4micos e membros do pr\u00f3prio governo, presidente avalia recuo diante das medidas adotadas por Trump.<\/p>\n\n\n\n<ul class=\"wp-block-list\">\n<li><a href=\"https:\/\/bradockshow.com.br\/author\/marcotoledo\/\"><\/a>por <a href=\"https:\/\/bradockshow.com.br\/author\/marcotoledo\/\">Marco Toledo<\/a><\/li>\n<\/ul>\n\n\n\n<p>Pressionado por setores econ\u00f4micos e integrantes do pr\u00f3prio governo, Lula come\u00e7ou a recuar no embate com Donald Trump ap\u00f3s o tarifa\u00e7o de 50% sobre produtos brasileiros.<\/p>\n\n\n\n<p>O petista foi alertado de que a escalada na crise poderia levar o Brasil ao isolamento, \u00e0 semelhan\u00e7a de pa\u00edses como Cuba e Venezuela. Trump isentou da sobretaxa cerca de 700 produtos, entre eles suco de laranja, celulose e avi\u00f5es da Embraer.<\/p>\n\n\n\n<p>A mudan\u00e7a de postura foi discutida internamente, e Lula admitiu, no encontro do PT, que \u201ch\u00e1 limites na briga com os EUA\u201d. A sinaliza\u00e7\u00e3o da Casa Branca de abertura ao di\u00e1logo levou o Planalto a evitar a aplica\u00e7\u00e3o da Lei da Reciprocidade.<\/p>\n\n\n\n<p>Empres\u00e1rios alertam que retalia\u00e7\u00f5es prejudicariam a economia. Enquanto isso, as san\u00e7\u00f5es a Moraes pela Lei Magnitsky complicam ainda mais o cen\u00e1rio. Sem ganhos concretos, Lula tenta conter os danos pol\u00edticos ap\u00f3s novos dados do Datafolha mostrarem sua aprova\u00e7\u00e3o estagnada em 29%.<\/p>\n","protected":false},"excerpt":{"rendered":"<p>Pressionado por setores econ\u00f4micos e membros do pr\u00f3prio governo, presidente avalia recuo diante das medidas adotadas por Trump. Pressionado por&hellip;<\/p>\n","protected":false},"author":1,"featured_media":7486,"comment_status":"open","ping_status":"open","sticky":false,"template":"","format":"standard","meta":{"footnotes":""},"categories":[1],"tags":[],"class_list":["post-7485","post","type-post","status-publish","format-standard","has-post-thumbnail","hentry","category-uncategorized"],"_links":{"self":[{"href":"https:\/\/suanoticiaaqui.com.br\/news\/wp-json\/wp\/v2\/posts\/7485","targetHints":{"allow":["GET"]}}],"collection":[{"href":"https:\/\/suanoticiaaqui.com.br\/news\/wp-json\/wp\/v2\/posts"}],"about":[{"href":"https:\/\/suanoticiaaqui.com.br\/news\/wp-json\/wp\/v2\/types\/post"}],"author":[{"embeddable":true,"href":"https:\/\/suanoticiaaqui.com.br\/news\/wp-json\/wp\/v2\/users\/1"}],"replies":[{"embeddable":true,"href":"https:\/\/suanoticiaaqui.com.br\/news\/wp-json\/wp\/v2\/comments?post=7485"}],"version-history":[{"count":1,"href":"https:\/\/suanoticiaaqui.com.br\/news\/wp-json\/wp\/v2\/posts\/7485\/revisions"}],"predecessor-version":[{"id":7487,"href":"https:\/\/suanoticiaaqui.com.br\/news\/wp-json\/wp\/v2\/posts\/7485\/revisions\/7487"}],"wp:featuredmedia":[{"embeddable":true,"href":"https:\/\/suanoticiaaqui.com.br\/news\/wp-json\/wp\/v2\/media\/7486"}],"wp:attachment":[{"href":"https:\/\/suanoticiaaqui.com.br\/news\/wp-json\/wp\/v2\/media?parent=7485"}],"wp:term":[{"taxonomy":"category","embeddable":true,"href":"https:\/\/suanoticiaaqui.com.br\/news\/wp-json\/wp\/v2\/categories?post=7485"},{"taxonomy":"post_tag","embeddable":true,"href":"https:\/\/suanoticiaaqui.com.br\/news\/wp-json\/wp\/v2\/tags?post=7485"}],"curies":[{"name":"wp","href":"https:\/\/api.w.org\/{rel}","templated":true}]}}