{"id":7491,"date":"2025-08-07T15:39:39","date_gmt":"2025-08-07T19:39:39","guid":{"rendered":"https:\/\/suanoticiaaqui.com.br\/news\/?p=7491"},"modified":"2025-08-07T15:39:39","modified_gmt":"2025-08-07T19:39:39","slug":"alvo-de-operacao-na-fronteira-morre-apos-atirar-contra-a-propria-cabeca","status":"publish","type":"post","link":"https:\/\/suanoticiaaqui.com.br\/news\/2025\/08\/07\/alvo-de-operacao-na-fronteira-morre-apos-atirar-contra-a-propria-cabeca\/","title":{"rendered":"Alvo de opera\u00e7\u00e3o na fronteira morre ap\u00f3s atirar contra a pr\u00f3pria cabe\u00e7a"},"content":{"rendered":"\n<ul class=\"wp-block-list\">\n<li>por Luiz Guilherme<\/li>\n<\/ul>\n\n\n\n<p>Oscar Cabreira Pinazo de 48 anos, morreu no HR (Hospital Regional) de Pedro Juan Caballero, na fronteira com Ponta Por\u00e3, nesta quinta-feira (7\/8), ap\u00f3s atirar contra a pr\u00f3pria cabe\u00e7a no momento em que policiais chegaram em sua casa para cumprir mandado de pris\u00e3o, busca e apreens\u00e3o.<\/p>\n\n\n\n<p>Pinazo era alvo da opera\u00e7\u00e3o \u201cPav\u00e3o Real II\u201d, que investiga uma rede transnacional de tr\u00e1fico de drogas e lavagem de dinheiro. Ele estava em pris\u00e3o domiciliar desde a fase anterior da investiga\u00e7\u00e3o e havia sido formalmente denunciado nas primeiras horas de hoje.<\/p>\n\n\n\n<p>O contabilista tamb\u00e9m era conhecido por ter trabalhado como contador do ex-deputado paraguaio Eulalio \u201cLalo\u201d Gomes, morto em circunst\u00e2ncias semelhantes durante uma opera\u00e7\u00e3o policial.<\/p>\n\n\n\n<p>Segundo autoridades paraguaias, Cabreira, ao perceber a presen\u00e7a policial, disparou uma arma de fogo contra a pr\u00f3pria cabe\u00e7a. Gravemente ferido, foi socorrido por uma viatura da Pol\u00edcia Nacional e encaminhado ao Hospital Regional, onde teve a morte confirmada cerca de duas horas depois.<\/p>\n\n\n\n<p>Apesar da vers\u00e3o de suic\u00eddio, familiares e amigos do contabilista contestam a narrativa, levantando d\u00favidas sobre as circunst\u00e2ncias do disparo. Uma investiga\u00e7\u00e3o interna deve ser conduzida para apurar todos os detalhes do caso.<\/p>\n\n\n\n<p>As autoridades respons\u00e1veis pela opera\u00e7\u00e3o devem conceder entrevistas ao longo do dia para esclarecer os pr\u00f3ximos passos da investiga\u00e7\u00e3o e a repercuss\u00e3o da morte de um dos principais alvos da opera\u00e7\u00e3o.<\/p>\n","protected":false},"excerpt":{"rendered":"<p>Oscar Cabreira Pinazo de 48 anos, morreu no HR (Hospital Regional) de Pedro Juan Caballero, na fronteira com Ponta Por\u00e3,&hellip;<\/p>\n","protected":false},"author":1,"featured_media":7492,"comment_status":"open","ping_status":"open","sticky":false,"template":"","format":"standard","meta":{"footnotes":""},"categories":[1],"tags":[],"class_list":["post-7491","post","type-post","status-publish","format-standard","has-post-thumbnail","hentry","category-uncategorized"],"_links":{"self":[{"href":"https:\/\/suanoticiaaqui.com.br\/news\/wp-json\/wp\/v2\/posts\/7491","targetHints":{"allow":["GET"]}}],"collection":[{"href":"https:\/\/suanoticiaaqui.com.br\/news\/wp-json\/wp\/v2\/posts"}],"about":[{"href":"https:\/\/suanoticiaaqui.com.br\/news\/wp-json\/wp\/v2\/types\/post"}],"author":[{"embeddable":true,"href":"https:\/\/suanoticiaaqui.com.br\/news\/wp-json\/wp\/v2\/users\/1"}],"replies":[{"embeddable":true,"href":"https:\/\/suanoticiaaqui.com.br\/news\/wp-json\/wp\/v2\/comments?post=7491"}],"version-history":[{"count":1,"href":"https:\/\/suanoticiaaqui.com.br\/news\/wp-json\/wp\/v2\/posts\/7491\/revisions"}],"predecessor-version":[{"id":7493,"href":"https:\/\/suanoticiaaqui.com.br\/news\/wp-json\/wp\/v2\/posts\/7491\/revisions\/7493"}],"wp:featuredmedia":[{"embeddable":true,"href":"https:\/\/suanoticiaaqui.com.br\/news\/wp-json\/wp\/v2\/media\/7492"}],"wp:attachment":[{"href":"https:\/\/suanoticiaaqui.com.br\/news\/wp-json\/wp\/v2\/media?parent=7491"}],"wp:term":[{"taxonomy":"category","embeddable":true,"href":"https:\/\/suanoticiaaqui.com.br\/news\/wp-json\/wp\/v2\/categories?post=7491"},{"taxonomy":"post_tag","embeddable":true,"href":"https:\/\/suanoticiaaqui.com.br\/news\/wp-json\/wp\/v2\/tags?post=7491"}],"curies":[{"name":"wp","href":"https:\/\/api.w.org\/{rel}","templated":true}]}}