{"id":7503,"date":"2025-08-07T15:50:40","date_gmt":"2025-08-07T19:50:40","guid":{"rendered":"https:\/\/suanoticiaaqui.com.br\/news\/?p=7503"},"modified":"2025-08-07T15:50:40","modified_gmt":"2025-08-07T19:50:40","slug":"alcolumbre-ignora-senado-e-protege-moraes-de-impeachment","status":"publish","type":"post","link":"https:\/\/suanoticiaaqui.com.br\/news\/2025\/08\/07\/alcolumbre-ignora-senado-e-protege-moraes-de-impeachment\/","title":{"rendered":"Alcolumbre ignora Senado e protege Moraes de impeachment"},"content":{"rendered":"\n<p>Mesmo com apoio da maioria, presidente da Casa se recusa a pautar processos contra ministro do STF<\/p>\n\n\n\n<ul class=\"wp-block-list\">\n<li><a href=\"https:\/\/bradockshow.com.br\/author\/marcotoledo\/\"><\/a>por <a href=\"https:\/\/bradockshow.com.br\/author\/marcotoledo\/\">Marco Toledo<\/a><\/li>\n<\/ul>\n\n\n\n<p>Davi Alcolumbre (Uni\u00e3o-AP) confirmou nesta quarta-feira (6) que n\u00e3o colocar\u00e1 em vota\u00e7\u00e3o os pedidos de impeachment contra Alexandre de Moraes, apesar de o ministro j\u00e1 acumular 30 representa\u00e7\u00f5es formais.<\/p>\n\n\n\n<p>Ap\u00f3s reuni\u00e3o com l\u00edderes partid\u00e1rios, Alcolumbre declarou que n\u00e3o ceder\u00e1 a \u201cpress\u00f5es externas\u201d, ignorando o clamor crescente por uma resposta institucional \u00e0 atua\u00e7\u00e3o do STF.<\/p>\n\n\n\n<p>Segundo levantamento do site votossenadores.com.br, ao menos 40 senadores j\u00e1 se posicionaram a favor da destitui\u00e7\u00e3o de Moraes, n\u00famero pr\u00f3ximo dos 54 votos exigidos. Mesmo assim, Alcolumbre insiste em manter a pauta travada, alegando \u201cresponsabilidade\u201d enquanto nega ao Parlamento sua prerrogativa constitucional.<\/p>\n\n\n\n<p>A oposi\u00e7\u00e3o, que cobra tamb\u00e9m o fim do foro privilegiado e a an\u00e1lise da anistia aos envolvidos no 8 de Janeiro, considera a atitude de Alcolumbre uma afronta \u00e0 vontade popular e \u00e0 independ\u00eancia do Senado.<\/p>\n","protected":false},"excerpt":{"rendered":"<p>Mesmo com apoio da maioria, presidente da Casa se recusa a pautar processos contra ministro do STF Davi Alcolumbre (Uni\u00e3o-AP)&hellip;<\/p>\n","protected":false},"author":1,"featured_media":7504,"comment_status":"open","ping_status":"open","sticky":false,"template":"","format":"standard","meta":{"footnotes":""},"categories":[1],"tags":[],"class_list":["post-7503","post","type-post","status-publish","format-standard","has-post-thumbnail","hentry","category-uncategorized"],"_links":{"self":[{"href":"https:\/\/suanoticiaaqui.com.br\/news\/wp-json\/wp\/v2\/posts\/7503","targetHints":{"allow":["GET"]}}],"collection":[{"href":"https:\/\/suanoticiaaqui.com.br\/news\/wp-json\/wp\/v2\/posts"}],"about":[{"href":"https:\/\/suanoticiaaqui.com.br\/news\/wp-json\/wp\/v2\/types\/post"}],"author":[{"embeddable":true,"href":"https:\/\/suanoticiaaqui.com.br\/news\/wp-json\/wp\/v2\/users\/1"}],"replies":[{"embeddable":true,"href":"https:\/\/suanoticiaaqui.com.br\/news\/wp-json\/wp\/v2\/comments?post=7503"}],"version-history":[{"count":1,"href":"https:\/\/suanoticiaaqui.com.br\/news\/wp-json\/wp\/v2\/posts\/7503\/revisions"}],"predecessor-version":[{"id":7505,"href":"https:\/\/suanoticiaaqui.com.br\/news\/wp-json\/wp\/v2\/posts\/7503\/revisions\/7505"}],"wp:featuredmedia":[{"embeddable":true,"href":"https:\/\/suanoticiaaqui.com.br\/news\/wp-json\/wp\/v2\/media\/7504"}],"wp:attachment":[{"href":"https:\/\/suanoticiaaqui.com.br\/news\/wp-json\/wp\/v2\/media?parent=7503"}],"wp:term":[{"taxonomy":"category","embeddable":true,"href":"https:\/\/suanoticiaaqui.com.br\/news\/wp-json\/wp\/v2\/categories?post=7503"},{"taxonomy":"post_tag","embeddable":true,"href":"https:\/\/suanoticiaaqui.com.br\/news\/wp-json\/wp\/v2\/tags?post=7503"}],"curies":[{"name":"wp","href":"https:\/\/api.w.org\/{rel}","templated":true}]}}