{"id":7510,"date":"2025-08-11T16:56:22","date_gmt":"2025-08-11T20:56:22","guid":{"rendered":"https:\/\/suanoticiaaqui.com.br\/news\/?p=7510"},"modified":"2025-08-11T16:56:22","modified_gmt":"2025-08-11T20:56:22","slug":"jovem-e-assaltada-por-dupla-armada-com-faca-enquanto-seguia-de-bicicleta-pela-marcelino","status":"publish","type":"post","link":"https:\/\/suanoticiaaqui.com.br\/news\/2025\/08\/11\/jovem-e-assaltada-por-dupla-armada-com-faca-enquanto-seguia-de-bicicleta-pela-marcelino\/","title":{"rendered":"Jovem \u00e9 assaltada por dupla armada com faca enquanto seguia de bicicleta pela Marcelino"},"content":{"rendered":"\n<p>Por\u00a0<strong>Cristina Nunes e Osvaldo Duarte<\/strong><\/p>\n\n\n\n<p>Uma jovem de 23 anos foi v\u00edtima de assalto na madrugada desta sexta-feira (8), em Dourados. O crime aconteceu por volta das 4h30, na avenida Marcelino Pires, uma das principais vias da cidade.<\/p>\n\n\n\n<p>De acordo com o relato da v\u00edtima \u00e0 pol\u00edcia, ela seguia de bicicleta quando foi surpreendida por dois homens em uma motocicleta. Um deles, armado com uma faca, anunciou o assalto.<\/p>\n\n\n\n<p>Sob amea\u00e7a, a jovem entregou a mochila que carregava, contendo documentos pessoais e cart\u00f5es banc\u00e1rios. Ap\u00f3s a a\u00e7\u00e3o, os criminosos fugiram do local e ainda n\u00e3o foram localizados.<\/p>\n\n\n\n<p>A v\u00edtima registrou boletim de ocorr\u00eancia na Depac (Delegacia de Pronto Atendimento Comunit\u00e1rio).<\/p>\n","protected":false},"excerpt":{"rendered":"<p>Por\u00a0Cristina Nunes e Osvaldo Duarte Uma jovem de 23 anos foi v\u00edtima de assalto na madrugada desta sexta-feira (8), em&hellip;<\/p>\n","protected":false},"author":1,"featured_media":7511,"comment_status":"open","ping_status":"open","sticky":false,"template":"","format":"standard","meta":{"footnotes":""},"categories":[1],"tags":[],"class_list":["post-7510","post","type-post","status-publish","format-standard","has-post-thumbnail","hentry","category-uncategorized"],"_links":{"self":[{"href":"https:\/\/suanoticiaaqui.com.br\/news\/wp-json\/wp\/v2\/posts\/7510","targetHints":{"allow":["GET"]}}],"collection":[{"href":"https:\/\/suanoticiaaqui.com.br\/news\/wp-json\/wp\/v2\/posts"}],"about":[{"href":"https:\/\/suanoticiaaqui.com.br\/news\/wp-json\/wp\/v2\/types\/post"}],"author":[{"embeddable":true,"href":"https:\/\/suanoticiaaqui.com.br\/news\/wp-json\/wp\/v2\/users\/1"}],"replies":[{"embeddable":true,"href":"https:\/\/suanoticiaaqui.com.br\/news\/wp-json\/wp\/v2\/comments?post=7510"}],"version-history":[{"count":1,"href":"https:\/\/suanoticiaaqui.com.br\/news\/wp-json\/wp\/v2\/posts\/7510\/revisions"}],"predecessor-version":[{"id":7512,"href":"https:\/\/suanoticiaaqui.com.br\/news\/wp-json\/wp\/v2\/posts\/7510\/revisions\/7512"}],"wp:featuredmedia":[{"embeddable":true,"href":"https:\/\/suanoticiaaqui.com.br\/news\/wp-json\/wp\/v2\/media\/7511"}],"wp:attachment":[{"href":"https:\/\/suanoticiaaqui.com.br\/news\/wp-json\/wp\/v2\/media?parent=7510"}],"wp:term":[{"taxonomy":"category","embeddable":true,"href":"https:\/\/suanoticiaaqui.com.br\/news\/wp-json\/wp\/v2\/categories?post=7510"},{"taxonomy":"post_tag","embeddable":true,"href":"https:\/\/suanoticiaaqui.com.br\/news\/wp-json\/wp\/v2\/tags?post=7510"}],"curies":[{"name":"wp","href":"https:\/\/api.w.org\/{rel}","templated":true}]}}