{"id":8949,"date":"2025-11-27T19:02:54","date_gmt":"2025-11-27T23:02:54","guid":{"rendered":"https:\/\/suanoticiaaqui.com.br\/news\/?p=8949"},"modified":"2025-11-27T19:02:54","modified_gmt":"2025-11-27T23:02:54","slug":"policia-civil-de-itapora-prende-em-flagrante-suspeito-de-varios-furtos","status":"publish","type":"post","link":"https:\/\/suanoticiaaqui.com.br\/news\/2025\/11\/27\/policia-civil-de-itapora-prende-em-flagrante-suspeito-de-varios-furtos\/","title":{"rendered":"Pol\u00edcia Civil de Itapor\u00e3 prende em flagrante suspeito de v\u00e1rios furtos"},"content":{"rendered":"\n<p>Foto Policia Civil<\/p>\n\n\n\n<p>Nas \u00faltimas semanas, a Delegacia de Itapor\u00e3 registrou cinco furtos em sequ\u00eancia, nas mesmas condi\u00e7\u00f5es de tempo, lugar e modo de execu\u00e7\u00e3o, ocorridos em obras e tendo como objetos dos crimes ferramentas, motores e materiais de constru\u00e7\u00e3o em geral, o que levou a conclus\u00e3o de que seria o mesmo autor para todos os crimes.<br>Ocorre que, no dia de hoje foi registrado um crime de furto e dessa vez o suspeito foi flagrado por uma c\u00e2mera de vigil\u00e2ncia, sendo poss\u00edvel sua identifica\u00e7\u00e3o. Desse modo, o Setor de Investiga\u00e7\u00e3o desta Delegacia obteve \u00eaxito em localizar o suspeito, que ainda se encontrava na posse de alguns dos objetos furtados, e ainda com parte das vestimentas que usou durante o crime. Diante dos fatos, o indiv\u00edduo foi preso em flagrante e confessou em partes a pr\u00e1tica dos delitos.<\/p>\n","protected":false},"excerpt":{"rendered":"<p>Foto Policia Civil Nas \u00faltimas semanas, a Delegacia de Itapor\u00e3 registrou cinco furtos em sequ\u00eancia, nas mesmas condi\u00e7\u00f5es de tempo,&hellip;<\/p>\n","protected":false},"author":1,"featured_media":8950,"comment_status":"open","ping_status":"open","sticky":false,"template":"","format":"standard","meta":{"footnotes":""},"categories":[1],"tags":[],"class_list":["post-8949","post","type-post","status-publish","format-standard","has-post-thumbnail","hentry","category-uncategorized"],"_links":{"self":[{"href":"https:\/\/suanoticiaaqui.com.br\/news\/wp-json\/wp\/v2\/posts\/8949","targetHints":{"allow":["GET"]}}],"collection":[{"href":"https:\/\/suanoticiaaqui.com.br\/news\/wp-json\/wp\/v2\/posts"}],"about":[{"href":"https:\/\/suanoticiaaqui.com.br\/news\/wp-json\/wp\/v2\/types\/post"}],"author":[{"embeddable":true,"href":"https:\/\/suanoticiaaqui.com.br\/news\/wp-json\/wp\/v2\/users\/1"}],"replies":[{"embeddable":true,"href":"https:\/\/suanoticiaaqui.com.br\/news\/wp-json\/wp\/v2\/comments?post=8949"}],"version-history":[{"count":1,"href":"https:\/\/suanoticiaaqui.com.br\/news\/wp-json\/wp\/v2\/posts\/8949\/revisions"}],"predecessor-version":[{"id":8951,"href":"https:\/\/suanoticiaaqui.com.br\/news\/wp-json\/wp\/v2\/posts\/8949\/revisions\/8951"}],"wp:featuredmedia":[{"embeddable":true,"href":"https:\/\/suanoticiaaqui.com.br\/news\/wp-json\/wp\/v2\/media\/8950"}],"wp:attachment":[{"href":"https:\/\/suanoticiaaqui.com.br\/news\/wp-json\/wp\/v2\/media?parent=8949"}],"wp:term":[{"taxonomy":"category","embeddable":true,"href":"https:\/\/suanoticiaaqui.com.br\/news\/wp-json\/wp\/v2\/categories?post=8949"},{"taxonomy":"post_tag","embeddable":true,"href":"https:\/\/suanoticiaaqui.com.br\/news\/wp-json\/wp\/v2\/tags?post=8949"}],"curies":[{"name":"wp","href":"https:\/\/api.w.org\/{rel}","templated":true}]}}