{"id":8957,"date":"2025-11-29T16:05:57","date_gmt":"2025-11-29T20:05:57","guid":{"rendered":"https:\/\/suanoticiaaqui.com.br\/news\/?p=8957"},"modified":"2025-11-29T16:05:57","modified_gmt":"2025-11-29T20:05:57","slug":"pgr-e-a-favor-de-prisao-domiciliar-humanitaria-para-general-heleno","status":"publish","type":"post","link":"https:\/\/suanoticiaaqui.com.br\/news\/2025\/11\/29\/pgr-e-a-favor-de-prisao-domiciliar-humanitaria-para-general-heleno\/","title":{"rendered":"PGR \u00e9 a favor de pris\u00e3o domiciliar humanit\u00e1ria para general Heleno"},"content":{"rendered":"\n<p>Defesa diz que ex-ministro de 78 sofre do mal de Alzheimer; Foto: Ton Molina\/STF<\/p>\n\n\n\n<ul class=\"wp-block-list\">\n<li>\u00a0Ag\u00eancia Brasil<\/li>\n<\/ul>\n\n\n\n<p>O procurador-geral da Rep\u00fablica, Paulo Gonet, enviou nesta sexta-feira (28) ao Supremo Tribunal Federal (STF) parecer a favor da concess\u00e3o de pris\u00e3o domiciliar humanit\u00e1ria ao ex-ministro do Gabinete de Seguran\u00e7a Institucional (GSI), general Augusto Heleno.<\/p>\n\n\n\n<p>Condenado a 21 anos de pris\u00e3o na a\u00e7\u00e3o penal da trama golpista, Heleno est\u00e1 preso desde ter\u00e7a-feira (25), quando iniciou o cumprimento da pena. Ele est\u00e1 custodiado em uma sala do Comando Militar do Planalto (CMP), em Bras\u00edlia.<\/p>\n\n\n\n<p>O parecer da PGR foi motivado por um pedido de pris\u00e3o domiciliar feito pela defesa de Heleno. Segundo os advogados, o general tem 78 anos e graves problemas de sa\u00fade, como diagnostico de Alzheimer e antecedentes de transtorno depressivo e transtorno misto ansioso depressivo.<\/p>\n\n\n\n<p>No entendimento de Gonet, \u00e9 &#8220;recomend\u00e1vel e adequada&#8221; a concess\u00e3o de pris\u00e3o domiciliar humanit\u00e1ria ao militar.<\/p>\n\n\n\n<p>&#8220;A manuten\u00e7\u00e3o do custodiado em pris\u00e3o domiciliar \u00e9 medida excepcional e proporcional \u00e0 sua faixa et\u00e1ria e ao seu quadro de sa\u00fade, cuja gravidade foi devidamente comprovada, que poder\u00e1 ser vulnerado caso mantido afastado de seu lar e do alcance das medidas obrigacionais e protecionistas que dever\u00e3o ser efetivadas pelo Estado&#8221;, afirmou o procurador.<\/p>\n\n\n\n<p>Caber\u00e1 ao ministro Alexandre de Moraes, relator do processo, autorizar ou n\u00e3o a pris\u00e3o domiciliar. N\u00e3o h\u00e1 prazo para decis\u00e3o do ministro.<\/p>\n","protected":false},"excerpt":{"rendered":"<p>Defesa diz que ex-ministro de 78 sofre do mal de Alzheimer; Foto: Ton Molina\/STF O procurador-geral da Rep\u00fablica, Paulo Gonet,&hellip;<\/p>\n","protected":false},"author":1,"featured_media":8958,"comment_status":"open","ping_status":"open","sticky":false,"template":"","format":"standard","meta":{"footnotes":""},"categories":[1],"tags":[],"class_list":["post-8957","post","type-post","status-publish","format-standard","has-post-thumbnail","hentry","category-uncategorized"],"_links":{"self":[{"href":"https:\/\/suanoticiaaqui.com.br\/news\/wp-json\/wp\/v2\/posts\/8957","targetHints":{"allow":["GET"]}}],"collection":[{"href":"https:\/\/suanoticiaaqui.com.br\/news\/wp-json\/wp\/v2\/posts"}],"about":[{"href":"https:\/\/suanoticiaaqui.com.br\/news\/wp-json\/wp\/v2\/types\/post"}],"author":[{"embeddable":true,"href":"https:\/\/suanoticiaaqui.com.br\/news\/wp-json\/wp\/v2\/users\/1"}],"replies":[{"embeddable":true,"href":"https:\/\/suanoticiaaqui.com.br\/news\/wp-json\/wp\/v2\/comments?post=8957"}],"version-history":[{"count":1,"href":"https:\/\/suanoticiaaqui.com.br\/news\/wp-json\/wp\/v2\/posts\/8957\/revisions"}],"predecessor-version":[{"id":8959,"href":"https:\/\/suanoticiaaqui.com.br\/news\/wp-json\/wp\/v2\/posts\/8957\/revisions\/8959"}],"wp:featuredmedia":[{"embeddable":true,"href":"https:\/\/suanoticiaaqui.com.br\/news\/wp-json\/wp\/v2\/media\/8958"}],"wp:attachment":[{"href":"https:\/\/suanoticiaaqui.com.br\/news\/wp-json\/wp\/v2\/media?parent=8957"}],"wp:term":[{"taxonomy":"category","embeddable":true,"href":"https:\/\/suanoticiaaqui.com.br\/news\/wp-json\/wp\/v2\/categories?post=8957"},{"taxonomy":"post_tag","embeddable":true,"href":"https:\/\/suanoticiaaqui.com.br\/news\/wp-json\/wp\/v2\/tags?post=8957"}],"curies":[{"name":"wp","href":"https:\/\/api.w.org\/{rel}","templated":true}]}}