{"id":8966,"date":"2025-11-29T16:09:36","date_gmt":"2025-11-29T20:09:36","guid":{"rendered":"https:\/\/suanoticiaaqui.com.br\/news\/?p=8966"},"modified":"2025-11-29T16:09:36","modified_gmt":"2025-11-29T20:09:36","slug":"dupla-e-presa-em-flagrante-com-fuzil-municoes-e-droga-em-campo-grande","status":"publish","type":"post","link":"https:\/\/suanoticiaaqui.com.br\/news\/2025\/11\/29\/dupla-e-presa-em-flagrante-com-fuzil-municoes-e-droga-em-campo-grande\/","title":{"rendered":"Dupla \u00e9 presa em flagrante com fuzil, muni\u00e7\u00f5es e droga em Campo Grande"},"content":{"rendered":"\n<p>Fuzil, muni\u00e7\u00f5es e dinheiro apreendidos com a dupla; Foto: Divulga\u00e7\u00e3o\/PC<\/p>\n\n\n\n<ul class=\"wp-block-list\">\n<li>Luiz Guilherme<\/li>\n<\/ul>\n\n\n\n<p>Dois homens, de 39 e 33 anos, foram presos na tarde desta quinta-feira (27\/11), por equipes da Denar (Delegacia Especialziada de Repress\u00e3o ao Narcotr\u00e1fico), em conjunto com o BPChoque (Batalh\u00e3o de Choque da Pol\u00edcia Militar), no Bairro Nova Lima, em Campo Grande, num trabalho de repress\u00e3o ao tr\u00e1fico de drogas e cumprimento de mandado de pris\u00e3o.&nbsp;&nbsp;<\/p>\n\n\n\n<p>Policiais do Choque passaram a monitorar o local, quando visualizaram o indiv\u00edduo de 33 anos em uma motocicleta Honda\/CG Fan entregando uma mochila ao homem mais velho.<\/p>\n\n\n\n<p>Realizada a abordagem, com o autor de 39 anos, os agentes encontraram R$ 2.750, enquanto a mochila rec\u00e9m-entregue estava dentro da caminhonete GM\/S-10. Na vistoria do conte\u00fado, foi localizado um fuzil calibre 5.56, acompanhado de dois carregadores, 71 muni\u00e7\u00f5es calibre 5.56 e tr\u00eas muni\u00e7\u00f5es calibre 7.62.<\/p>\n\n\n\n<p>Durante a revista na motocicleta, os policiais encontraram um tablete de maconha, totalizando 1,28 quilo.<\/p>\n\n\n\n<p>Consulta aos sistemas confirmou que o indiv\u00edduo com mais idade possu\u00eda mandado de pris\u00e3o em aberto, expedido pela 2\u00aa Vara de Execu\u00e7\u00e3o Penal de Campo Grande (autos n\u00ba 6007399-62.2023.8.12.0001).<\/p>\n\n\n\n<p>Diante da materialidade dos fatos, ambos foram presos e conduzidos \u00e0 Denar, juntamente com o armamento, muni\u00e7\u00f5es, ve\u00edculos, celulares e o entorpecente apreendido.<\/p>\n","protected":false},"excerpt":{"rendered":"<p>Fuzil, muni\u00e7\u00f5es e dinheiro apreendidos com a dupla; Foto: Divulga\u00e7\u00e3o\/PC Dois homens, de 39 e 33 anos, foram presos na&hellip;<\/p>\n","protected":false},"author":1,"featured_media":8967,"comment_status":"open","ping_status":"open","sticky":false,"template":"","format":"standard","meta":{"footnotes":""},"categories":[1],"tags":[],"class_list":["post-8966","post","type-post","status-publish","format-standard","has-post-thumbnail","hentry","category-uncategorized"],"_links":{"self":[{"href":"https:\/\/suanoticiaaqui.com.br\/news\/wp-json\/wp\/v2\/posts\/8966","targetHints":{"allow":["GET"]}}],"collection":[{"href":"https:\/\/suanoticiaaqui.com.br\/news\/wp-json\/wp\/v2\/posts"}],"about":[{"href":"https:\/\/suanoticiaaqui.com.br\/news\/wp-json\/wp\/v2\/types\/post"}],"author":[{"embeddable":true,"href":"https:\/\/suanoticiaaqui.com.br\/news\/wp-json\/wp\/v2\/users\/1"}],"replies":[{"embeddable":true,"href":"https:\/\/suanoticiaaqui.com.br\/news\/wp-json\/wp\/v2\/comments?post=8966"}],"version-history":[{"count":1,"href":"https:\/\/suanoticiaaqui.com.br\/news\/wp-json\/wp\/v2\/posts\/8966\/revisions"}],"predecessor-version":[{"id":8968,"href":"https:\/\/suanoticiaaqui.com.br\/news\/wp-json\/wp\/v2\/posts\/8966\/revisions\/8968"}],"wp:featuredmedia":[{"embeddable":true,"href":"https:\/\/suanoticiaaqui.com.br\/news\/wp-json\/wp\/v2\/media\/8967"}],"wp:attachment":[{"href":"https:\/\/suanoticiaaqui.com.br\/news\/wp-json\/wp\/v2\/media?parent=8966"}],"wp:term":[{"taxonomy":"category","embeddable":true,"href":"https:\/\/suanoticiaaqui.com.br\/news\/wp-json\/wp\/v2\/categories?post=8966"},{"taxonomy":"post_tag","embeddable":true,"href":"https:\/\/suanoticiaaqui.com.br\/news\/wp-json\/wp\/v2\/tags?post=8966"}],"curies":[{"name":"wp","href":"https:\/\/api.w.org\/{rel}","templated":true}]}}