{"id":8972,"date":"2025-11-29T16:12:12","date_gmt":"2025-11-29T20:12:12","guid":{"rendered":"https:\/\/suanoticiaaqui.com.br\/news\/?p=8972"},"modified":"2025-11-29T16:12:12","modified_gmt":"2025-11-29T20:12:12","slug":"motociclista-morre-em-colisao-violenta-com-carreta-na-br-163-motorista-fugiu","status":"publish","type":"post","link":"https:\/\/suanoticiaaqui.com.br\/news\/2025\/11\/29\/motociclista-morre-em-colisao-violenta-com-carreta-na-br-163-motorista-fugiu\/","title":{"rendered":"Motociclista morre em colis\u00e3o violenta com carreta na BR-163; motorista fugiu"},"content":{"rendered":"\n<p>Peritos realizando os levantamentos de praxe no local do acidente; Foto: Sidnei Bronka\/Ligado Na Not\u00edcia<\/p>\n\n\n\n<ul class=\"wp-block-list\">\n<li>\u00a0Luiz Guilherme e Sidnei Bronka<\/li>\n<\/ul>\n\n\n\n<p>Motociclista identificado como Jos\u00e9 Edson Fixina Santos, de 20 anos, morreu na manh\u00e3 deste s\u00e1bado (29\/11), em um grave acidente na BR-163, no trecho que liga o Bairro Parque das Na\u00e7\u00f5es ao Viaduto do DOF (Departamento de Opera\u00e7\u00f5es de Fronteira), em Dourados. Ele pilotava uma Honda CG 160, cinca, com placa do Mercosul.&nbsp;<\/p>\n\n\n\n<p>Segundo informa\u00e7\u00f5es iniciais apuradas pela reportagem no local, Jos\u00e9 Edson teria atingido uma carreta que saiu do Bairro Parque dos Jequitib\u00e1s. O caminhoneiro, fugiu sem prestar socorro e a pol\u00edcia j\u00e1 trabalha para identific\u00e1-lo.<\/p>\n\n\n\n<p>No local h\u00e1 marcas de pneus no asfalto que indicam que a carreta entrou repentinamente na rodovia. O rapaz n\u00e3o conseguiu evitar a colis\u00e3o e bateu com muita viol\u00eancia contra o ve\u00edculo.<\/p>\n\n\n\n<p>Equipes da Motiva Pantanal (antiga CCR MSVia), que administra a BR-163 no estado, e tamb\u00e9m do Samu (Servi\u00e7o de Atendimento M\u00f3vel de Urg\u00eancia), por\u00e9m, o motociclista j\u00e1 estava sem vida.&nbsp;<\/p>\n\n\n\n<p>A PRF (Pol\u00edcia Rodovi\u00e1ria Federal), a PC (Pol\u00edcia Civil) e a Per\u00edcia T\u00e9cnica estiveram no local para realizar os levantamentos iniciais. As equipes j\u00e1 come\u00e7aram a analisar imagens de c\u00e2meras de monitoramento da BR-163, na tentativa de identificar o caminhoneiro envolvido.<\/p>\n\n\n\n<p>O corpo de Jos\u00e9 Edson Fixina Santos foi encaminhado ao IML (Instituto M\u00e9dico Legal) de Dourados.<\/p>\n","protected":false},"excerpt":{"rendered":"<p>Peritos realizando os levantamentos de praxe no local do acidente; Foto: Sidnei Bronka\/Ligado Na Not\u00edcia Motociclista identificado como Jos\u00e9 Edson&hellip;<\/p>\n","protected":false},"author":1,"featured_media":8973,"comment_status":"open","ping_status":"open","sticky":false,"template":"","format":"standard","meta":{"footnotes":""},"categories":[1],"tags":[],"class_list":["post-8972","post","type-post","status-publish","format-standard","has-post-thumbnail","hentry","category-uncategorized"],"_links":{"self":[{"href":"https:\/\/suanoticiaaqui.com.br\/news\/wp-json\/wp\/v2\/posts\/8972","targetHints":{"allow":["GET"]}}],"collection":[{"href":"https:\/\/suanoticiaaqui.com.br\/news\/wp-json\/wp\/v2\/posts"}],"about":[{"href":"https:\/\/suanoticiaaqui.com.br\/news\/wp-json\/wp\/v2\/types\/post"}],"author":[{"embeddable":true,"href":"https:\/\/suanoticiaaqui.com.br\/news\/wp-json\/wp\/v2\/users\/1"}],"replies":[{"embeddable":true,"href":"https:\/\/suanoticiaaqui.com.br\/news\/wp-json\/wp\/v2\/comments?post=8972"}],"version-history":[{"count":1,"href":"https:\/\/suanoticiaaqui.com.br\/news\/wp-json\/wp\/v2\/posts\/8972\/revisions"}],"predecessor-version":[{"id":8974,"href":"https:\/\/suanoticiaaqui.com.br\/news\/wp-json\/wp\/v2\/posts\/8972\/revisions\/8974"}],"wp:featuredmedia":[{"embeddable":true,"href":"https:\/\/suanoticiaaqui.com.br\/news\/wp-json\/wp\/v2\/media\/8973"}],"wp:attachment":[{"href":"https:\/\/suanoticiaaqui.com.br\/news\/wp-json\/wp\/v2\/media?parent=8972"}],"wp:term":[{"taxonomy":"category","embeddable":true,"href":"https:\/\/suanoticiaaqui.com.br\/news\/wp-json\/wp\/v2\/categories?post=8972"},{"taxonomy":"post_tag","embeddable":true,"href":"https:\/\/suanoticiaaqui.com.br\/news\/wp-json\/wp\/v2\/tags?post=8972"}],"curies":[{"name":"wp","href":"https:\/\/api.w.org\/{rel}","templated":true}]}}