{"id":8978,"date":"2025-11-29T16:16:13","date_gmt":"2025-11-29T20:16:13","guid":{"rendered":"https:\/\/suanoticiaaqui.com.br\/news\/?p=8978"},"modified":"2025-11-29T16:16:13","modified_gmt":"2025-11-29T20:16:13","slug":"operacao-contra-contrabando-em-dourados-apreende-mais-de-r-500-mil-em-mercadorias","status":"publish","type":"post","link":"https:\/\/suanoticiaaqui.com.br\/news\/2025\/11\/29\/operacao-contra-contrabando-em-dourados-apreende-mais-de-r-500-mil-em-mercadorias\/","title":{"rendered":"Opera\u00e7\u00e3o contra contrabando em Dourados apreende mais de R$ 500 mil em mercadorias"},"content":{"rendered":"\n<p><a href=\"https:\/\/cdn.douradosnews.com.br\/img\/c\/780\/530\/dn_arquivo\/2025\/11\/whatsapp-image-2025-11-28-at-143753.jpeg\"><small>Receita percorreu dep\u00f3sitos e fez a\u00e7\u00f5es ostensivas durante dois dias &#8211;&nbsp;<strong>Cr\u00e9dito: Divulga\u00e7\u00e3o\/Receita Federal<\/strong><\/small><\/a><\/p>\n\n\n\n<p>por Dourados News<\/p>\n\n\n\n<p>A Receita Federal do Brasil realizou em Dourados, nos dias 25 e 26 de novembro, a Opera\u00e7\u00e3o Black Friday, com o objetivo de combater a comercializa\u00e7\u00e3o e distribui\u00e7\u00e3o de produtos estrangeiros provenientes do contrabando ou descaminho.<\/p>\n\n\n\n<p>A a\u00e7\u00e3o se concentrou em dep\u00f3sitos vinculados a marketplaces e unidades dos Correios, visando identificar mercadorias irregulares comercializadas por meio de plataformas digitais.<\/p>\n\n\n\n<p>Al\u00e9m disso, foi intensificada a fiscaliza\u00e7\u00e3o em rodovias da regi\u00e3o, com abordagem de ve\u00edculos suspeitos de transportar produtos estrangeiros sem documenta\u00e7\u00e3o regular.<\/p>\n\n\n\n<p>Durante a opera\u00e7\u00e3o, foram apreendidas mercadorias, dentre as quais se destacam medicamentos utilizados para emagrecimento, cuja comercializa\u00e7\u00e3o est\u00e1 proibida pela Anvisa. Esses produtos representam risco \u00e0 sa\u00fade e refor\u00e7am a import\u00e2ncia do controle aduaneiro para proteger a popula\u00e7\u00e3o.<\/p>\n\n\n\n<p>Somadas, todas as mercadorias apreendidas foram avaliadas em aproximadamente R$ 525 mil.<\/p>\n","protected":false},"excerpt":{"rendered":"<p>Receita percorreu dep\u00f3sitos e fez a\u00e7\u00f5es ostensivas durante dois dias &#8211;&nbsp;Cr\u00e9dito: Divulga\u00e7\u00e3o\/Receita Federal por Dourados News A Receita Federal do&hellip;<\/p>\n","protected":false},"author":1,"featured_media":8979,"comment_status":"open","ping_status":"open","sticky":false,"template":"","format":"standard","meta":{"footnotes":""},"categories":[1],"tags":[],"class_list":["post-8978","post","type-post","status-publish","format-standard","has-post-thumbnail","hentry","category-uncategorized"],"_links":{"self":[{"href":"https:\/\/suanoticiaaqui.com.br\/news\/wp-json\/wp\/v2\/posts\/8978","targetHints":{"allow":["GET"]}}],"collection":[{"href":"https:\/\/suanoticiaaqui.com.br\/news\/wp-json\/wp\/v2\/posts"}],"about":[{"href":"https:\/\/suanoticiaaqui.com.br\/news\/wp-json\/wp\/v2\/types\/post"}],"author":[{"embeddable":true,"href":"https:\/\/suanoticiaaqui.com.br\/news\/wp-json\/wp\/v2\/users\/1"}],"replies":[{"embeddable":true,"href":"https:\/\/suanoticiaaqui.com.br\/news\/wp-json\/wp\/v2\/comments?post=8978"}],"version-history":[{"count":1,"href":"https:\/\/suanoticiaaqui.com.br\/news\/wp-json\/wp\/v2\/posts\/8978\/revisions"}],"predecessor-version":[{"id":8980,"href":"https:\/\/suanoticiaaqui.com.br\/news\/wp-json\/wp\/v2\/posts\/8978\/revisions\/8980"}],"wp:featuredmedia":[{"embeddable":true,"href":"https:\/\/suanoticiaaqui.com.br\/news\/wp-json\/wp\/v2\/media\/8979"}],"wp:attachment":[{"href":"https:\/\/suanoticiaaqui.com.br\/news\/wp-json\/wp\/v2\/media?parent=8978"}],"wp:term":[{"taxonomy":"category","embeddable":true,"href":"https:\/\/suanoticiaaqui.com.br\/news\/wp-json\/wp\/v2\/categories?post=8978"},{"taxonomy":"post_tag","embeddable":true,"href":"https:\/\/suanoticiaaqui.com.br\/news\/wp-json\/wp\/v2\/tags?post=8978"}],"curies":[{"name":"wp","href":"https:\/\/api.w.org\/{rel}","templated":true}]}}