{"id":9072,"date":"2026-02-02T16:29:04","date_gmt":"2026-02-02T20:29:04","guid":{"rendered":"https:\/\/suanoticiaaqui.com.br\/news\/?p=9072"},"modified":"2026-02-02T16:29:36","modified_gmt":"2026-02-02T20:29:36","slug":"homem-e-executado-a-tiros-em-via-publica-no-jardim-carisma","status":"publish","type":"post","link":"https:\/\/suanoticiaaqui.com.br\/news\/2026\/02\/02\/homem-e-executado-a-tiros-em-via-publica-no-jardim-carisma\/","title":{"rendered":"Homem \u00e9 executado a tiros em via p\u00fablica no Jardim Carisma"},"content":{"rendered":"\n<p>Foto Divulga\u00e7\u00e3o<\/p>\n\n\n\n<p>V\u00edtima foi atingida pelas costas e morreu no local; autor fugiu e ainda n\u00e3o foi identificado<\/p>\n\n\n\n<ul class=\"wp-block-list\">\n<li>Fl\u00e1vio Ver\u00e3o<\/li>\n<\/ul>\n\n\n\n<p>Um homem ainda sem identifica\u00e7\u00e3o oficial foi morto a tiros na tarde desta sexta-feira (30), no bairro Jardim Carisma, em Dourados. Segundo as informa\u00e7\u00f5es levantadas no local, a v\u00edtima caminhava pela esquina das ruas Lu\u00eds Duarte dos Santos e Sebasti\u00e3o Delalibera quando foi surpreendida por outra pessoa que se aproximou por tr\u00e1s e efetuou diversos disparos. Pelo menos tr\u00eas tiros atingiram as costas do homem, que caiu na via e morreu antes de receber atendimento.<\/p>\n\n\n\n<p>Ap\u00f3s o ataque, o autor deixou o local rapidamente. Testemunhas relataram que ele estaria em uma motocicleta, mas n\u00e3o conseguiram fornecer detalhes sobre o ve\u00edculo nem caracter\u00edsticas do suspeito. A motiva\u00e7\u00e3o do crime ainda \u00e9 desconhecida.<\/p>\n\n\n\n<p>Equipes da Pol\u00edcia Militar foram acionadas e fizeram o isolamento da \u00e1rea at\u00e9 a chegada da Pol\u00edcia Civil, que assumiu os procedimentos de investiga\u00e7\u00e3o.<\/p>\n\n\n\n<p>O corpo foi encaminhado para exames periciais, que devem auxiliar na identifica\u00e7\u00e3o da v\u00edtima e no esclarecimento da din\u00e2mica do homic\u00eddio. At\u00e9 o momento, ningu\u00e9m foi preso.<\/p>\n","protected":false},"excerpt":{"rendered":"<p>Foto Divulga\u00e7\u00e3o V\u00edtima foi atingida pelas costas e morreu no local; autor fugiu e ainda n\u00e3o foi identificado Um homem&hellip;<\/p>\n","protected":false},"author":1,"featured_media":9074,"comment_status":"open","ping_status":"open","sticky":false,"template":"","format":"standard","meta":{"footnotes":""},"categories":[1],"tags":[],"class_list":["post-9072","post","type-post","status-publish","format-standard","has-post-thumbnail","hentry","category-uncategorized"],"_links":{"self":[{"href":"https:\/\/suanoticiaaqui.com.br\/news\/wp-json\/wp\/v2\/posts\/9072","targetHints":{"allow":["GET"]}}],"collection":[{"href":"https:\/\/suanoticiaaqui.com.br\/news\/wp-json\/wp\/v2\/posts"}],"about":[{"href":"https:\/\/suanoticiaaqui.com.br\/news\/wp-json\/wp\/v2\/types\/post"}],"author":[{"embeddable":true,"href":"https:\/\/suanoticiaaqui.com.br\/news\/wp-json\/wp\/v2\/users\/1"}],"replies":[{"embeddable":true,"href":"https:\/\/suanoticiaaqui.com.br\/news\/wp-json\/wp\/v2\/comments?post=9072"}],"version-history":[{"count":1,"href":"https:\/\/suanoticiaaqui.com.br\/news\/wp-json\/wp\/v2\/posts\/9072\/revisions"}],"predecessor-version":[{"id":9073,"href":"https:\/\/suanoticiaaqui.com.br\/news\/wp-json\/wp\/v2\/posts\/9072\/revisions\/9073"}],"wp:featuredmedia":[{"embeddable":true,"href":"https:\/\/suanoticiaaqui.com.br\/news\/wp-json\/wp\/v2\/media\/9074"}],"wp:attachment":[{"href":"https:\/\/suanoticiaaqui.com.br\/news\/wp-json\/wp\/v2\/media?parent=9072"}],"wp:term":[{"taxonomy":"category","embeddable":true,"href":"https:\/\/suanoticiaaqui.com.br\/news\/wp-json\/wp\/v2\/categories?post=9072"},{"taxonomy":"post_tag","embeddable":true,"href":"https:\/\/suanoticiaaqui.com.br\/news\/wp-json\/wp\/v2\/tags?post=9072"}],"curies":[{"name":"wp","href":"https:\/\/api.w.org\/{rel}","templated":true}]}}