{"id":9279,"date":"2026-03-06T16:20:12","date_gmt":"2026-03-06T20:20:12","guid":{"rendered":"https:\/\/suanoticiaaqui.com.br\/news\/?p=9279"},"modified":"2026-03-06T16:20:12","modified_gmt":"2026-03-06T20:20:12","slug":"lulinha-movimentou-r-195-milhoes-em-4-anos-mostram-extratos","status":"publish","type":"post","link":"https:\/\/suanoticiaaqui.com.br\/news\/2026\/03\/06\/lulinha-movimentou-r-195-milhoes-em-4-anos-mostram-extratos\/","title":{"rendered":"Lulinha movimentou R$ 19,5 milh\u00f5es em 4 anos, mostram extratos"},"content":{"rendered":"\n<p>Foto Reprodu\u00e7\u00e3o<\/p>\n\n\n\n<ul class=\"wp-block-list\">\n<li>por\u00a0Metr\u00f3poles<\/li>\n<\/ul>\n\n\n\n<p>Uma \u00fanica conta banc\u00e1ria pertencente ao empres\u00e1rio F\u00e1bio Lu\u00eds Lula da Silva, o Lulinha, movimentou R$ 19,3 milh\u00f5es em quatro anos, de 2022 a 2025. As informa\u00e7\u00f5es s\u00e3o da quebra de sigilo do filho do presidente, obtidas com exclusividade pela coluna.<\/p>\n\n\n\n<p>A conta banc\u00e1ria em quest\u00e3o \u00e9 da pessoa f\u00edsica de Lulinha. Est\u00e1 aberta em uma ag\u00eancia do segmento Estilo, do Banco do Brasil, em S\u00e3o Paulo (SP).<\/p>\n\n\n\n<p>Segundo os investigadores, essa quebra de sigilo \u00e9 apenas parte do quebra-cabe\u00e7a financeiro envolvendo o filho do presidente da Rep\u00fablica. O conjunto completo dever\u00e1 emergir da an\u00e1lise de outras contas banc\u00e1rias, tanto em nome da pessoa f\u00edsica quanto das empresas dele.<\/p>\n\n\n\n<p>Dos R$ 19,3 milh\u00f5es transacionados por Lulinha nessa conta banc\u00e1ria de 2022 a 2025, a metade (R$ 9,66 milh\u00f5es) corresponde a cr\u00e9ditos. O restante foram pagamentos para outras contas.<\/p>\n\n\n\n<p>O auge das transa\u00e7\u00f5es se deu no segundo ano do governo do pai, em 2024, com R$ 7,2 milh\u00f5es movimentados. Em 2025, o montante caiu para R$ 3,3 milh\u00f5es. Em 2026, at\u00e9 o dia 30 de janeiro, foram R$ 205.455,96.<\/p>\n\n\n\n<p>As caracter\u00edsticas da movimenta\u00e7\u00e3o indicam tratar-se de uma conta de investimentos \u2014 a maioria dos pagamentos vem das empresas de Lulinha, de rendimentos de aplica\u00e7\u00f5es e de transfer\u00eancias de outras pessoas.<\/p>\n\n\n\n<p>As maiores fontes de pagamentos para Lulinha no per\u00edodo da quebra de sigilo s\u00e3o as pr\u00f3prias empresas dele: a LLF Tech Participa\u00e7\u00f5es (R$ 2,37 milh\u00f5es) e a G4 Entretenimento e Tecnologia (R$ 772 mil). Do restante, a maior parte veio de rendimentos de aplica\u00e7\u00f5es do pr\u00f3prio Lulinha.<\/p>\n\n\n\n<p>Lulinha \u00e9 investigado pela suspeita de ser s\u00f3cio do empres\u00e1rio Ant\u00f4nio Carlos Camilo Antunes, o Careca do INSS. O Careca \u00e9 um dos principais alvos da chamada Farra do INSS, o esc\u00e2ndalo de descontos ilegais de aposentadorias revelado pelo Metr\u00f3poles.<\/p>\n\n\n\n<p>Nos \u00faltimos dias, a defesa de Lulinha tem negado qualquer envolvimento dele com o Careca do INSS ou os descontos indevidos das aposentadorias. A defesa diz que o filho do presidente prestar\u00e1 os devidos esclarecimentos ao Supremo Tribunal Federal, que \u00e9 o foro adequado para a investiga\u00e7\u00e3o.<\/p>\n","protected":false},"excerpt":{"rendered":"<p>Foto Reprodu\u00e7\u00e3o Uma \u00fanica conta banc\u00e1ria pertencente ao empres\u00e1rio F\u00e1bio Lu\u00eds Lula da Silva, o Lulinha, movimentou R$ 19,3 milh\u00f5es&hellip;<\/p>\n","protected":false},"author":1,"featured_media":9280,"comment_status":"open","ping_status":"open","sticky":false,"template":"","format":"standard","meta":{"footnotes":""},"categories":[1],"tags":[],"class_list":["post-9279","post","type-post","status-publish","format-standard","has-post-thumbnail","hentry","category-uncategorized"],"_links":{"self":[{"href":"https:\/\/suanoticiaaqui.com.br\/news\/wp-json\/wp\/v2\/posts\/9279","targetHints":{"allow":["GET"]}}],"collection":[{"href":"https:\/\/suanoticiaaqui.com.br\/news\/wp-json\/wp\/v2\/posts"}],"about":[{"href":"https:\/\/suanoticiaaqui.com.br\/news\/wp-json\/wp\/v2\/types\/post"}],"author":[{"embeddable":true,"href":"https:\/\/suanoticiaaqui.com.br\/news\/wp-json\/wp\/v2\/users\/1"}],"replies":[{"embeddable":true,"href":"https:\/\/suanoticiaaqui.com.br\/news\/wp-json\/wp\/v2\/comments?post=9279"}],"version-history":[{"count":1,"href":"https:\/\/suanoticiaaqui.com.br\/news\/wp-json\/wp\/v2\/posts\/9279\/revisions"}],"predecessor-version":[{"id":9281,"href":"https:\/\/suanoticiaaqui.com.br\/news\/wp-json\/wp\/v2\/posts\/9279\/revisions\/9281"}],"wp:featuredmedia":[{"embeddable":true,"href":"https:\/\/suanoticiaaqui.com.br\/news\/wp-json\/wp\/v2\/media\/9280"}],"wp:attachment":[{"href":"https:\/\/suanoticiaaqui.com.br\/news\/wp-json\/wp\/v2\/media?parent=9279"}],"wp:term":[{"taxonomy":"category","embeddable":true,"href":"https:\/\/suanoticiaaqui.com.br\/news\/wp-json\/wp\/v2\/categories?post=9279"},{"taxonomy":"post_tag","embeddable":true,"href":"https:\/\/suanoticiaaqui.com.br\/news\/wp-json\/wp\/v2\/tags?post=9279"}],"curies":[{"name":"wp","href":"https:\/\/api.w.org\/{rel}","templated":true}]}}