{"id":9285,"date":"2026-03-06T16:23:21","date_gmt":"2026-03-06T20:23:21","guid":{"rendered":"https:\/\/suanoticiaaqui.com.br\/news\/?p=9285"},"modified":"2026-03-06T16:23:21","modified_gmt":"2026-03-06T20:23:21","slug":"acao-conjunta-apreende-11-mil-quilos-de-drogas-e-3-pessoas-sao-presas","status":"publish","type":"post","link":"https:\/\/suanoticiaaqui.com.br\/news\/2026\/03\/06\/acao-conjunta-apreende-11-mil-quilos-de-drogas-e-3-pessoas-sao-presas\/","title":{"rendered":"A\u00e7\u00e3o conjunta apreende 11 mil quilos de drogas e 3 pessoas s\u00e3o presas"},"content":{"rendered":"\n<p>Carreta estava carregada com soja e escondia grande quantidade de droga; Foto: Divulga\u00e7\u00e3o\/DOF<\/p>\n\n\n\n<ul class=\"wp-block-list\">\n<li>por Luiz Guilherme<\/li>\n<\/ul>\n\n\n\n<p>Tr\u00eas homens foram presos em a\u00e7\u00e3o conjunta deflagrada pelo DOF (Departamento de Opera\u00e7\u00f5es de Fronteira) e a Defron (Delegacia Especializada de Repress\u00e3o aos Crimes de Fronteira) na quarta-feira (4\/3), em Mundo Novo. Na ocasi\u00e3o, 11,4 mil quilos de maconha, que seguiam em uma carreta carregada com soja, foram apreendidos. Outros dois ve\u00edculos tamb\u00e9m foram apreendidos.<\/p>\n\n\n\n<p>De acordo com o boletim de ocorr\u00eancia, as duas for\u00e7as de seguran\u00e7a receberam informa\u00e7\u00f5es sobre a movimenta\u00e7\u00e3o de traficantes na regi\u00e3o sul do estado, que estariam utilizando o transporte de gr\u00e3os para realizar o transporte de grande quantidade de entorpecentes.<\/p>\n\n\n\n<p>Com base nas informa\u00e7\u00f5es, os policiais iniciaram dilig\u00eancias e abordaram as duas primeiras carretas, que realizavam a fun\u00e7\u00e3o de \u201cbatedores\u201d, avisando sobre a presen\u00e7a de policiais na rodovia.<\/p>\n\n\n\n<p>Logo em seguida, uma terceira carreta foi abordada pelos policiais, carregada com soja e durante a vistoria os militares encontraram diversos fardos de maconha. Questionado, o homem afirmou que havia sido contratado para levar o ve\u00edculo com a droga at\u00e9 a cidade de Londrina (PR), onde receberia R$ 50 mil pelo transporte.<\/p>\n\n\n\n<p>A pol\u00edcia n\u00e3o detalhou informa\u00e7\u00f5es sobre os presos. O material apreendido, avaliado em aproximadamente R$ 24 milh\u00f5es, foi encaminhado \u00e0 Defron, em Dourados.<\/p>\n","protected":false},"excerpt":{"rendered":"<p>Carreta estava carregada com soja e escondia grande quantidade de droga; Foto: Divulga\u00e7\u00e3o\/DOF Tr\u00eas homens foram presos em a\u00e7\u00e3o conjunta&hellip;<\/p>\n","protected":false},"author":1,"featured_media":9286,"comment_status":"open","ping_status":"open","sticky":false,"template":"","format":"standard","meta":{"footnotes":""},"categories":[1],"tags":[],"class_list":["post-9285","post","type-post","status-publish","format-standard","has-post-thumbnail","hentry","category-uncategorized"],"_links":{"self":[{"href":"https:\/\/suanoticiaaqui.com.br\/news\/wp-json\/wp\/v2\/posts\/9285","targetHints":{"allow":["GET"]}}],"collection":[{"href":"https:\/\/suanoticiaaqui.com.br\/news\/wp-json\/wp\/v2\/posts"}],"about":[{"href":"https:\/\/suanoticiaaqui.com.br\/news\/wp-json\/wp\/v2\/types\/post"}],"author":[{"embeddable":true,"href":"https:\/\/suanoticiaaqui.com.br\/news\/wp-json\/wp\/v2\/users\/1"}],"replies":[{"embeddable":true,"href":"https:\/\/suanoticiaaqui.com.br\/news\/wp-json\/wp\/v2\/comments?post=9285"}],"version-history":[{"count":1,"href":"https:\/\/suanoticiaaqui.com.br\/news\/wp-json\/wp\/v2\/posts\/9285\/revisions"}],"predecessor-version":[{"id":9287,"href":"https:\/\/suanoticiaaqui.com.br\/news\/wp-json\/wp\/v2\/posts\/9285\/revisions\/9287"}],"wp:featuredmedia":[{"embeddable":true,"href":"https:\/\/suanoticiaaqui.com.br\/news\/wp-json\/wp\/v2\/media\/9286"}],"wp:attachment":[{"href":"https:\/\/suanoticiaaqui.com.br\/news\/wp-json\/wp\/v2\/media?parent=9285"}],"wp:term":[{"taxonomy":"category","embeddable":true,"href":"https:\/\/suanoticiaaqui.com.br\/news\/wp-json\/wp\/v2\/categories?post=9285"},{"taxonomy":"post_tag","embeddable":true,"href":"https:\/\/suanoticiaaqui.com.br\/news\/wp-json\/wp\/v2\/tags?post=9285"}],"curies":[{"name":"wp","href":"https:\/\/api.w.org\/{rel}","templated":true}]}}