{"id":9291,"date":"2026-03-06T16:26:22","date_gmt":"2026-03-06T20:26:22","guid":{"rendered":"https:\/\/suanoticiaaqui.com.br\/news\/?p=9291"},"modified":"2026-03-06T16:26:22","modified_gmt":"2026-03-06T20:26:22","slug":"menino-denuncia-abuso-sexual-a-mae-e-vizinho-e-preso-em-dourados","status":"publish","type":"post","link":"https:\/\/suanoticiaaqui.com.br\/news\/2026\/03\/06\/menino-denuncia-abuso-sexual-a-mae-e-vizinho-e-preso-em-dourados\/","title":{"rendered":"Menino denuncia abuso sexual \u00e0 m\u00e3e e vizinho \u00e9 preso em Dourados"},"content":{"rendered":"\n<p>Caso foi registrado na Depac, onde o autor est\u00e1 preso; Foto: Leandro Holsbach<br><\/p>\n\n\n\n<ul class=\"wp-block-list\">\n<li>por Luiz Guilherme<\/li>\n<\/ul>\n\n\n\n<p>Menino de quatro anos contou para a m\u00e3e que foi v\u00edtima de abuso sexual na tarde desta quinta-feira (5\/3), praticado por um vizinho em uma casa na Rua S\u00edlvia de Ara\u00fajo Moraes, no Bairro Parque Nova Dourados, em Dourados. O suspeito, de 48 anos, foi levado para a Depac (Delegacia de Ponto Atendimento Comunit\u00e1rio) e permanece preso.<\/p>\n\n\n\n<p>Segundo a ocorr\u00eancia, a m\u00e3e da crian\u00e7a, de 24 anos, recentemente se mudou para outro im\u00f3vel no Bairro Guaicurus, mas retornou para buscar roupas e outros pertences pessoais. Durante esse per\u00edodo, o vizinho entrou no local com doces e p\u00e3es e ofereceu ao menino que recusou, porque tem diabetes e continuou a brincar.<\/p>\n\n\n\n<p>Pouco depois, ele se aproximou da m\u00e3e e contou que o homem o levou ao banheiro e pediu que fizesse sexo oral. Aos policiais, o garoto relatou ter realizado o ato.<\/p>\n\n\n\n<p>Aos militares, o homem afirmou que estava no banheiro quando a crian\u00e7a entrou e pediu para ver a genit\u00e1lia dele. Ele negou o abuso e disse que n\u00e3o aceitou a proposta. Os militares conduziram o homem at\u00e9 a delegacia para registro do caso.<\/p>\n\n\n\n<p>A mulher tamb\u00e9m contou que conheceu o suspeito quando ele vivia em situa\u00e7\u00e3o de rua. Na \u00e9poca, ela permitiu que ele ficasse no barraco onde morava por sentir pena da situa\u00e7\u00e3o.<\/p>\n\n\n\n<p>Ainda de acordo com o registro policial, os agentes perceberam uma les\u00e3o superficial no superc\u00edlio esquerdo do suspeito. A origem do ferimento n\u00e3o foi informada no momento. O caso foi registrado como estupro de vulner\u00e1vel e ser\u00e1 investigado pela PC (Pol\u00edcia Civil).<\/p>\n","protected":false},"excerpt":{"rendered":"<p>Caso foi registrado na Depac, onde o autor est\u00e1 preso; Foto: Leandro Holsbach Menino de quatro anos contou para a&hellip;<\/p>\n","protected":false},"author":1,"featured_media":9292,"comment_status":"open","ping_status":"open","sticky":false,"template":"","format":"standard","meta":{"footnotes":""},"categories":[1],"tags":[],"class_list":["post-9291","post","type-post","status-publish","format-standard","has-post-thumbnail","hentry","category-uncategorized"],"_links":{"self":[{"href":"https:\/\/suanoticiaaqui.com.br\/news\/wp-json\/wp\/v2\/posts\/9291","targetHints":{"allow":["GET"]}}],"collection":[{"href":"https:\/\/suanoticiaaqui.com.br\/news\/wp-json\/wp\/v2\/posts"}],"about":[{"href":"https:\/\/suanoticiaaqui.com.br\/news\/wp-json\/wp\/v2\/types\/post"}],"author":[{"embeddable":true,"href":"https:\/\/suanoticiaaqui.com.br\/news\/wp-json\/wp\/v2\/users\/1"}],"replies":[{"embeddable":true,"href":"https:\/\/suanoticiaaqui.com.br\/news\/wp-json\/wp\/v2\/comments?post=9291"}],"version-history":[{"count":1,"href":"https:\/\/suanoticiaaqui.com.br\/news\/wp-json\/wp\/v2\/posts\/9291\/revisions"}],"predecessor-version":[{"id":9293,"href":"https:\/\/suanoticiaaqui.com.br\/news\/wp-json\/wp\/v2\/posts\/9291\/revisions\/9293"}],"wp:featuredmedia":[{"embeddable":true,"href":"https:\/\/suanoticiaaqui.com.br\/news\/wp-json\/wp\/v2\/media\/9292"}],"wp:attachment":[{"href":"https:\/\/suanoticiaaqui.com.br\/news\/wp-json\/wp\/v2\/media?parent=9291"}],"wp:term":[{"taxonomy":"category","embeddable":true,"href":"https:\/\/suanoticiaaqui.com.br\/news\/wp-json\/wp\/v2\/categories?post=9291"},{"taxonomy":"post_tag","embeddable":true,"href":"https:\/\/suanoticiaaqui.com.br\/news\/wp-json\/wp\/v2\/tags?post=9291"}],"curies":[{"name":"wp","href":"https:\/\/api.w.org\/{rel}","templated":true}]}}