{"id":9294,"date":"2026-03-06T16:27:43","date_gmt":"2026-03-06T20:27:43","guid":{"rendered":"https:\/\/suanoticiaaqui.com.br\/news\/?p=9294"},"modified":"2026-03-06T16:27:43","modified_gmt":"2026-03-06T20:27:43","slug":"sargento-aposentado-da-pm-e-alvo-da-policia-federal-em-acao-de-combate-ao-trafico-de-armas","status":"publish","type":"post","link":"https:\/\/suanoticiaaqui.com.br\/news\/2026\/03\/06\/sargento-aposentado-da-pm-e-alvo-da-policia-federal-em-acao-de-combate-ao-trafico-de-armas\/","title":{"rendered":"Sargento aposentado da PM \u00e9 alvo da Pol\u00edcia Federal em a\u00e7\u00e3o de combate ao tr\u00e1fico de armas"},"content":{"rendered":"\n<p>Sargento aposentado (de chap\u00e9u) no momento em que foi preso; Foto: Jornal da Nova<\/p>\n\n\n\n<ul class=\"wp-block-list\">\n<li>por Luiz Guilherme<\/li>\n<\/ul>\n\n\n\n<p>Nesta sexta-feira (6\/3), a PF (Pol\u00edcia Federal), com apoio da Corregedoria da PM (Pol\u00edcia Militar), deflagrou a opera\u00e7\u00e3o Dupla Face para desarticular esquema de tr\u00e1fico internacional de armas de fogo na regi\u00e3o de fronteira com o Paraguai, e um sargento aposentado da Pol\u00edcia Militar, identificado como Milton Montagneri, foi preso em Nova Andradina.&nbsp;<\/p>\n\n\n\n<p>A investiga\u00e7\u00e3o foi conduzida pela Pol\u00edcia Federal de Ponta Por\u00e3 e revelou que Milton comandava um esquema de tr\u00e1fico internacional de armas de fogo, atuando como fornecedor de armamentos clandestinos, fazendo viagens frequentes \u00e0 Linha Internacional para trazer armas e vender em Mato Grosso do Sul e Mato Grosso.<\/p>\n\n\n\n<p>Na casa do policial militar aposentado, localizada no Bairro Cristo Rei, os agentes cumpriram dois mandados, sendo um de pris\u00e3o preventiva e outro de busca e apreens\u00e3o, al\u00e9m da suspens\u00e3o do portye de arma do investigado e sequestro de bens e valores.<\/p>\n\n\n\n<p>Como no im\u00f3vel foi encontrado armamento sem registro, Minton foi preso por posse ilegal de arma de fogo e leado para a Delegacia de PC (Pol\u00edcia Civil), sendo autuado em flagrante.&nbsp;<\/p>\n\n\n\n<p><\/p>\n","protected":false},"excerpt":{"rendered":"<p>Sargento aposentado (de chap\u00e9u) no momento em que foi preso; Foto: Jornal da Nova Nesta sexta-feira (6\/3), a PF (Pol\u00edcia&hellip;<\/p>\n","protected":false},"author":1,"featured_media":9295,"comment_status":"open","ping_status":"open","sticky":false,"template":"","format":"standard","meta":{"footnotes":""},"categories":[1],"tags":[],"class_list":["post-9294","post","type-post","status-publish","format-standard","has-post-thumbnail","hentry","category-uncategorized"],"_links":{"self":[{"href":"https:\/\/suanoticiaaqui.com.br\/news\/wp-json\/wp\/v2\/posts\/9294","targetHints":{"allow":["GET"]}}],"collection":[{"href":"https:\/\/suanoticiaaqui.com.br\/news\/wp-json\/wp\/v2\/posts"}],"about":[{"href":"https:\/\/suanoticiaaqui.com.br\/news\/wp-json\/wp\/v2\/types\/post"}],"author":[{"embeddable":true,"href":"https:\/\/suanoticiaaqui.com.br\/news\/wp-json\/wp\/v2\/users\/1"}],"replies":[{"embeddable":true,"href":"https:\/\/suanoticiaaqui.com.br\/news\/wp-json\/wp\/v2\/comments?post=9294"}],"version-history":[{"count":1,"href":"https:\/\/suanoticiaaqui.com.br\/news\/wp-json\/wp\/v2\/posts\/9294\/revisions"}],"predecessor-version":[{"id":9296,"href":"https:\/\/suanoticiaaqui.com.br\/news\/wp-json\/wp\/v2\/posts\/9294\/revisions\/9296"}],"wp:featuredmedia":[{"embeddable":true,"href":"https:\/\/suanoticiaaqui.com.br\/news\/wp-json\/wp\/v2\/media\/9295"}],"wp:attachment":[{"href":"https:\/\/suanoticiaaqui.com.br\/news\/wp-json\/wp\/v2\/media?parent=9294"}],"wp:term":[{"taxonomy":"category","embeddable":true,"href":"https:\/\/suanoticiaaqui.com.br\/news\/wp-json\/wp\/v2\/categories?post=9294"},{"taxonomy":"post_tag","embeddable":true,"href":"https:\/\/suanoticiaaqui.com.br\/news\/wp-json\/wp\/v2\/tags?post=9294"}],"curies":[{"name":"wp","href":"https:\/\/api.w.org\/{rel}","templated":true}]}}