{"id":9297,"date":"2026-03-06T16:42:12","date_gmt":"2026-03-06T20:42:12","guid":{"rendered":"https:\/\/suanoticiaaqui.com.br\/news\/?p=9297"},"modified":"2026-03-06T16:42:12","modified_gmt":"2026-03-06T20:42:12","slug":"pf-deflagra-operacao-contra-trafico-internacional-de-cocaina-na-fronteira","status":"publish","type":"post","link":"https:\/\/suanoticiaaqui.com.br\/news\/2026\/03\/06\/pf-deflagra-operacao-contra-trafico-internacional-de-cocaina-na-fronteira\/","title":{"rendered":"PF deflagra opera\u00e7\u00e3o contra tr\u00e1fico internacional de coca\u00edna na fronteira"},"content":{"rendered":"\n<p>Foto Divulga\u00e7\u00e3o<\/p>\n\n\n\n<ul class=\"wp-block-list\">\n<li>\u00a0por Ligado na Noticia<\/li>\n<\/ul>\n\n\n\n<p>A PF (Pol\u00edcia Federal) deflagrou nesta quinta-feira (5\/3), a opera\u00e7\u00e3o &#8220;Abate&#8221;, com o objetivo de combater o tr\u00e1fico de coca\u00edna nos estados de Mato Grosso do Sul e de S\u00e3o Paulo.<\/p>\n\n\n\n<p>Foram cumpridos tr\u00eas mandados de pris\u00e3o peventiva e quatro de busca e apreens\u00e3o em Corumb\u00e1, cidade sul-mato-grossense que faz fronteira com a Bol\u00edvia.<\/p>\n\n\n\n<p>A investiga\u00e7\u00e3o desenvolveu-se a partir da apreens\u00e3o de 230 quilos de coca\u00edna em um caminh\u00e3o, em dezembro de 2023. Com o aprofundamento das investiga\u00e7\u00f5es, foram identificados os indiv\u00edduos que atuavam na log\u00edstica de transporte da droga.<\/p>\n\n\n\n<p>Celulares foram apreendidos, os quais ser\u00e3o periciados e analisados pela Pol\u00edcia Federal.<\/p>\n","protected":false},"excerpt":{"rendered":"<p>Foto Divulga\u00e7\u00e3o A PF (Pol\u00edcia Federal) deflagrou nesta quinta-feira (5\/3), a opera\u00e7\u00e3o &#8220;Abate&#8221;, com o objetivo de combater o tr\u00e1fico&hellip;<\/p>\n","protected":false},"author":1,"featured_media":9298,"comment_status":"open","ping_status":"open","sticky":false,"template":"","format":"standard","meta":{"footnotes":""},"categories":[1],"tags":[],"class_list":["post-9297","post","type-post","status-publish","format-standard","has-post-thumbnail","hentry","category-uncategorized"],"_links":{"self":[{"href":"https:\/\/suanoticiaaqui.com.br\/news\/wp-json\/wp\/v2\/posts\/9297","targetHints":{"allow":["GET"]}}],"collection":[{"href":"https:\/\/suanoticiaaqui.com.br\/news\/wp-json\/wp\/v2\/posts"}],"about":[{"href":"https:\/\/suanoticiaaqui.com.br\/news\/wp-json\/wp\/v2\/types\/post"}],"author":[{"embeddable":true,"href":"https:\/\/suanoticiaaqui.com.br\/news\/wp-json\/wp\/v2\/users\/1"}],"replies":[{"embeddable":true,"href":"https:\/\/suanoticiaaqui.com.br\/news\/wp-json\/wp\/v2\/comments?post=9297"}],"version-history":[{"count":1,"href":"https:\/\/suanoticiaaqui.com.br\/news\/wp-json\/wp\/v2\/posts\/9297\/revisions"}],"predecessor-version":[{"id":9299,"href":"https:\/\/suanoticiaaqui.com.br\/news\/wp-json\/wp\/v2\/posts\/9297\/revisions\/9299"}],"wp:featuredmedia":[{"embeddable":true,"href":"https:\/\/suanoticiaaqui.com.br\/news\/wp-json\/wp\/v2\/media\/9298"}],"wp:attachment":[{"href":"https:\/\/suanoticiaaqui.com.br\/news\/wp-json\/wp\/v2\/media?parent=9297"}],"wp:term":[{"taxonomy":"category","embeddable":true,"href":"https:\/\/suanoticiaaqui.com.br\/news\/wp-json\/wp\/v2\/categories?post=9297"},{"taxonomy":"post_tag","embeddable":true,"href":"https:\/\/suanoticiaaqui.com.br\/news\/wp-json\/wp\/v2\/tags?post=9297"}],"curies":[{"name":"wp","href":"https:\/\/api.w.org\/{rel}","templated":true}]}}