{"id":9303,"date":"2026-03-06T16:45:15","date_gmt":"2026-03-06T20:45:15","guid":{"rendered":"https:\/\/suanoticiaaqui.com.br\/news\/?p=9303"},"modified":"2026-03-06T16:45:15","modified_gmt":"2026-03-06T20:45:15","slug":"mulher-agredida-com-golpes-de-marreta-pelo-marido-bombeiro-morre-no-hospital-da-vida","status":"publish","type":"post","link":"https:\/\/suanoticiaaqui.com.br\/news\/2026\/03\/06\/mulher-agredida-com-golpes-de-marreta-pelo-marido-bombeiro-morre-no-hospital-da-vida\/","title":{"rendered":"Mulher agredida com golpes de marreta pelo marido bombeiro morre no Hospital da Vida"},"content":{"rendered":"\n<p>Liliane teve morte cerebral e o \u00f3bito foi confirmado no in\u00edcio da tarde de hoje; Foto: Campo Grande News<\/p>\n\n\n\n<ul class=\"wp-block-list\">\n<li>por Luiz Guilherme<\/li>\n<\/ul>\n\n\n\n<p>A enfermeira de Ponta Por\u00e3, Liliane de Souza Bonfim Duarte, de 52 anos, agredida pelo marido, o subtenente do Corpo de Bombeiros, Elianderson Duarte, de 45, com golpes de marreta na cabe\u00e7a, morreu nesta sexta-feira (6\/3), no HV (Hospital da Vida), em Dourados. A morta foi confirmada pelo delegado respons\u00e1vel pelo caso, Rodrigo Inojosa.<\/p>\n\n\n\n<p>Com esta morte, sobe para cinco o n\u00famero de mulheres assassinadas em Mato Grosso do Sul desde o in\u00edcio do ano.<\/p>\n\n\n\n<p>O protocolo de morte cerebral foi iniciado na quarta-feira (4\/3), e a confirma\u00e7\u00e3o do \u00f3bito se deu no in\u00edcio da tarde de hoje. Os aparelhos foram desligados e a fam\u00edlia decidiu por doar os \u00f3rg\u00e3os da v\u00edtima.<\/p>\n\n\n\n<p><strong>O crime<\/strong><\/p>\n\n\n\n<p>O crime brutal aconteceu no fim da tarde de ter\u00e7a-feira (3\/3), na casa onde o casal morava, na Rua Cacique, na regi\u00e3o da Vila Reno, em Ponta Por\u00e3, cidade que faz fronteira seca com o Paraguai.<\/p>\n\n\n\n<p>A enfermeira foi encontrada em casa, ca\u00edda, inconsciente, com ferimentos graves e sangramento na cabe\u00e7a e no rosto. Os vizinhos prestavam os primeiros socorros quando a PM (Pol\u00edcia Militar) chegou, bem com o Corpo de Bombeiros que levou a mulher para o HR (Hospital Regional) da cidade.<\/p>\n\n\n\n<p>O subtenente foi preso pouco tempo depois da agress\u00e3o, ao tentar fugir a p\u00e9 pela Rua Humait\u00e1. Consta no boletim de ocorr\u00eancia que os policiais civis foram avisados que Elianderson havia sido contido por moradores.<\/p>\n\n\n\n<p>No local, o militar se identificou como subtenente do 4\u00ba Grupamento de Bombeiros Militar e afirmou que agiu porque a mulher teria tentado esfaque\u00e1-lo com duas facas de serra.<\/p>\n\n\n\n<p>Com a confirma\u00e7\u00e3o da morte da mulher e a an\u00e1lise das les\u00f5es sofridas pelos filhos, o registro foi atualizado. Agora, o caso \u00e9 tratado como um feminic\u00eddio consumado, um feminic\u00eddio tentado, referente \u00e0 filha, e uma tentativa de homic\u00eddio qualificado contra o filho do meio.<\/p>\n\n\n\n<p>Segundo o delegado, a mudan\u00e7a na tipifica\u00e7\u00e3o ocorreu ap\u00f3s a pol\u00edcia constatar a gravidade dos ferimentos das v\u00edtimas.<\/p>\n","protected":false},"excerpt":{"rendered":"<p>Liliane teve morte cerebral e o \u00f3bito foi confirmado no in\u00edcio da tarde de hoje; Foto: Campo Grande News A&hellip;<\/p>\n","protected":false},"author":1,"featured_media":9304,"comment_status":"open","ping_status":"open","sticky":false,"template":"","format":"standard","meta":{"footnotes":""},"categories":[1],"tags":[],"class_list":["post-9303","post","type-post","status-publish","format-standard","has-post-thumbnail","hentry","category-uncategorized"],"_links":{"self":[{"href":"https:\/\/suanoticiaaqui.com.br\/news\/wp-json\/wp\/v2\/posts\/9303","targetHints":{"allow":["GET"]}}],"collection":[{"href":"https:\/\/suanoticiaaqui.com.br\/news\/wp-json\/wp\/v2\/posts"}],"about":[{"href":"https:\/\/suanoticiaaqui.com.br\/news\/wp-json\/wp\/v2\/types\/post"}],"author":[{"embeddable":true,"href":"https:\/\/suanoticiaaqui.com.br\/news\/wp-json\/wp\/v2\/users\/1"}],"replies":[{"embeddable":true,"href":"https:\/\/suanoticiaaqui.com.br\/news\/wp-json\/wp\/v2\/comments?post=9303"}],"version-history":[{"count":1,"href":"https:\/\/suanoticiaaqui.com.br\/news\/wp-json\/wp\/v2\/posts\/9303\/revisions"}],"predecessor-version":[{"id":9305,"href":"https:\/\/suanoticiaaqui.com.br\/news\/wp-json\/wp\/v2\/posts\/9303\/revisions\/9305"}],"wp:featuredmedia":[{"embeddable":true,"href":"https:\/\/suanoticiaaqui.com.br\/news\/wp-json\/wp\/v2\/media\/9304"}],"wp:attachment":[{"href":"https:\/\/suanoticiaaqui.com.br\/news\/wp-json\/wp\/v2\/media?parent=9303"}],"wp:term":[{"taxonomy":"category","embeddable":true,"href":"https:\/\/suanoticiaaqui.com.br\/news\/wp-json\/wp\/v2\/categories?post=9303"},{"taxonomy":"post_tag","embeddable":true,"href":"https:\/\/suanoticiaaqui.com.br\/news\/wp-json\/wp\/v2\/tags?post=9303"}],"curies":[{"name":"wp","href":"https:\/\/api.w.org\/{rel}","templated":true}]}}