{"id":9306,"date":"2026-03-06T16:54:59","date_gmt":"2026-03-06T20:54:59","guid":{"rendered":"https:\/\/suanoticiaaqui.com.br\/news\/?p=9306"},"modified":"2026-03-06T16:54:59","modified_gmt":"2026-03-06T20:54:59","slug":"gado-furtado-e-localizado-em-rebanho-de-assentamento-e-policia-apreende-cinco-armas-irregulares","status":"publish","type":"post","link":"https:\/\/suanoticiaaqui.com.br\/news\/2026\/03\/06\/gado-furtado-e-localizado-em-rebanho-de-assentamento-e-policia-apreende-cinco-armas-irregulares\/","title":{"rendered":"Gado furtado \u00e9 localizado em rebanho de assentamento e pol\u00edcia apreende cinco armas irregulares"},"content":{"rendered":"\n<p><a href=\"https:\/\/cdn.douradosnews.com.br\/img\/c\/780\/530\/dn_arquivo\/2026\/03\/whatsapp-image-2026-03-06-at-134206.jpeg\"><small>Armas apreendidas na a\u00e7\u00e3o &#8211;\u00a0<strong>Cr\u00e9dito: Divulga\u00e7\u00e3o PCMS<\/strong><\/small><\/a><\/p>\n\n\n\n<p>por Dourados News<\/p>\n\n\n\n<p>A Pol\u00edcia Civil de Mato Grosso do Sul, por interm\u00e9dio da Se\u00e7\u00e3o de Investiga\u00e7\u00f5es Gerais (SIG) de Nova Andradina, esclareceu um furto de gado ocorrido em propriedade rural do munic\u00edpio e recuperou parte dos animais subtra\u00eddos.<\/p>\n\n\n\n<p>Conforme apurado nas investiga\u00e7\u00f5es, a v\u00edtima constatou o desaparecimento das cabe\u00e7as de gado da ra\u00e7a Angus, ap\u00f3s verificar diverg\u00eancias nas contagens do rebanho realizadas entre o in\u00edcio e o final do m\u00eas de fevereiro deste ano.<\/p>\n\n\n\n<p>Durante as dilig\u00eancias, os policiais identificaram que um indiv\u00edduo que trabalhava como capataz em uma fazenda vizinha teria participado diretamente do furto dos animais.<\/p>\n\n\n\n<p>Em sede policial, ele confessou a pr\u00e1tica criminosa e informou que o gado subtra\u00eddo teria sido posteriormente repassado a dois indiv\u00edduos residentes em uma propriedade rural localizada no Assentamento Teijin, neste munic\u00edpio.<\/p>\n\n\n\n<p>Diante das informa\u00e7\u00f5es, uma equipe policial deslocou-se at\u00e9 a propriedade indicada, onde foi poss\u00edvel localizar os bovinos j\u00e1 inseridos no rebanho local.<\/p>\n\n\n\n<p>Questionados sobre a origem dos animais, os respons\u00e1veis pela propriedade confirmaram a participa\u00e7\u00e3o nos fatos relacionados \u00e0 recepta\u00e7\u00e3o do gado furtado.<\/p>\n\n\n\n<p>Durante a dilig\u00eancia, os policiais tamb\u00e9m localizaram ainda cinco armas de fogo sem registro, as quais foram apreendidas para as provid\u00eancias legais cab\u00edveis.<\/p>\n\n\n\n<p>A a\u00e7\u00e3o contou ainda com o apoio do Iagro, que realizou fiscaliza\u00e7\u00e3o sanit\u00e1ria e documental do rebanho existente na propriedade.<\/p>\n\n\n\n<p>Durante a vistoria, foram constatadas irregularidades na identifica\u00e7\u00e3o dos animais, incluindo ind\u00edcios de sobreposi\u00e7\u00e3o de marcas, indicando tentativa de ocultar a origem dos bovinos furtados.<\/p>\n\n\n\n<p>As investiga\u00e7\u00f5es apontam que um indiv\u00edduo teria sido respons\u00e1vel pelo furto dos animais, enquanto outros dois figuram, em tese, como receptadores dos semoventes.<\/p>\n","protected":false},"excerpt":{"rendered":"<p>Armas apreendidas na a\u00e7\u00e3o &#8211;\u00a0Cr\u00e9dito: Divulga\u00e7\u00e3o PCMS por Dourados News A Pol\u00edcia Civil de Mato Grosso do Sul, por interm\u00e9dio&hellip;<\/p>\n","protected":false},"author":1,"featured_media":9307,"comment_status":"open","ping_status":"open","sticky":false,"template":"","format":"standard","meta":{"footnotes":""},"categories":[1],"tags":[],"class_list":["post-9306","post","type-post","status-publish","format-standard","has-post-thumbnail","hentry","category-uncategorized"],"_links":{"self":[{"href":"https:\/\/suanoticiaaqui.com.br\/news\/wp-json\/wp\/v2\/posts\/9306","targetHints":{"allow":["GET"]}}],"collection":[{"href":"https:\/\/suanoticiaaqui.com.br\/news\/wp-json\/wp\/v2\/posts"}],"about":[{"href":"https:\/\/suanoticiaaqui.com.br\/news\/wp-json\/wp\/v2\/types\/post"}],"author":[{"embeddable":true,"href":"https:\/\/suanoticiaaqui.com.br\/news\/wp-json\/wp\/v2\/users\/1"}],"replies":[{"embeddable":true,"href":"https:\/\/suanoticiaaqui.com.br\/news\/wp-json\/wp\/v2\/comments?post=9306"}],"version-history":[{"count":1,"href":"https:\/\/suanoticiaaqui.com.br\/news\/wp-json\/wp\/v2\/posts\/9306\/revisions"}],"predecessor-version":[{"id":9308,"href":"https:\/\/suanoticiaaqui.com.br\/news\/wp-json\/wp\/v2\/posts\/9306\/revisions\/9308"}],"wp:featuredmedia":[{"embeddable":true,"href":"https:\/\/suanoticiaaqui.com.br\/news\/wp-json\/wp\/v2\/media\/9307"}],"wp:attachment":[{"href":"https:\/\/suanoticiaaqui.com.br\/news\/wp-json\/wp\/v2\/media?parent=9306"}],"wp:term":[{"taxonomy":"category","embeddable":true,"href":"https:\/\/suanoticiaaqui.com.br\/news\/wp-json\/wp\/v2\/categories?post=9306"},{"taxonomy":"post_tag","embeddable":true,"href":"https:\/\/suanoticiaaqui.com.br\/news\/wp-json\/wp\/v2\/tags?post=9306"}],"curies":[{"name":"wp","href":"https:\/\/api.w.org\/{rel}","templated":true}]}}