{"id":9309,"date":"2026-03-06T16:57:05","date_gmt":"2026-03-06T20:57:05","guid":{"rendered":"https:\/\/suanoticiaaqui.com.br\/news\/?p=9309"},"modified":"2026-03-06T16:57:05","modified_gmt":"2026-03-06T20:57:05","slug":"mendonca-passou-dias-isolado-na-alemanha-preparando-a-prisao-de-vorcaro","status":"publish","type":"post","link":"https:\/\/suanoticiaaqui.com.br\/news\/2026\/03\/06\/mendonca-passou-dias-isolado-na-alemanha-preparando-a-prisao-de-vorcaro\/","title":{"rendered":"Mendon\u00e7a passou dias isolado na Alemanha preparando a pris\u00e3o de Vorcaro"},"content":{"rendered":"\n<p>Foto: \u00a9 Jos\u00e9 Cruz\/Ag\u00eancia Brasil<\/p>\n\n\n\n<p>Ministro do STF analisou pedido da Pol\u00edcia Federal durante evento acad\u00eamico em Frankfurt e assinou decis\u00e3o que levou \u00e0 deflagra\u00e7\u00e3o da opera\u00e7\u00e3o.<\/p>\n\n\n\n<ul class=\"wp-block-list\">\n<li><a href=\"https:\/\/bradockshow.com.br\/author\/marcotoledo\/\"><\/a>por <a href=\"https:\/\/bradockshow.com.br\/author\/marcotoledo\/\">Marco Toledo<\/a><\/li>\n<\/ul>\n\n\n\n<p>Segundo o jornalista Lauro Jardim, do jornal O Globo, o ministro Andr\u00e9 Mendon\u00e7a estava na Alemanha participando do evento Dinter na Universidade de Frankfurt quando recebeu a representa\u00e7\u00e3o da Pol\u00edcia Federal do Brasil solicitando a pris\u00e3o preventiva de Daniel Vorcaro. O magistrado teria passado os dias seguintes concentrado na an\u00e1lise do caso, participando apenas dos pain\u00e9is do encontro e evitando compromissos sociais.<\/p>\n\n\n\n<p>No mesmo evento estavam o presidente da C\u00e2mara, Hugo Motta, citado em mensagens atribu\u00eddas a Vorcaro, e o ministro Alexandre Padilha. De acordo com a coluna, Mendon\u00e7a optou por se manter reservado enquanto preparava a decis\u00e3o judicial.<\/p>\n\n\n\n<p>A ordem foi assinada na ter\u00e7a-feira e executada na manh\u00e3 seguinte, quando a Opera\u00e7\u00e3o Compliance Zero foi deflagrada. Durante a a\u00e7\u00e3o, Mendon\u00e7a deixou uma palestra sobre energia e se dirigiu a uma sala reservada na universidade, de onde acompanhou o andamento da opera\u00e7\u00e3o, considerando o fuso de quatro horas em rela\u00e7\u00e3o ao Brasil.<\/p>\n","protected":false},"excerpt":{"rendered":"<p>Foto: \u00a9 Jos\u00e9 Cruz\/Ag\u00eancia Brasil Ministro do STF analisou pedido da Pol\u00edcia Federal durante evento acad\u00eamico em Frankfurt e assinou&hellip;<\/p>\n","protected":false},"author":1,"featured_media":9310,"comment_status":"open","ping_status":"open","sticky":false,"template":"","format":"standard","meta":{"footnotes":""},"categories":[1],"tags":[],"class_list":["post-9309","post","type-post","status-publish","format-standard","has-post-thumbnail","hentry","category-uncategorized"],"_links":{"self":[{"href":"https:\/\/suanoticiaaqui.com.br\/news\/wp-json\/wp\/v2\/posts\/9309","targetHints":{"allow":["GET"]}}],"collection":[{"href":"https:\/\/suanoticiaaqui.com.br\/news\/wp-json\/wp\/v2\/posts"}],"about":[{"href":"https:\/\/suanoticiaaqui.com.br\/news\/wp-json\/wp\/v2\/types\/post"}],"author":[{"embeddable":true,"href":"https:\/\/suanoticiaaqui.com.br\/news\/wp-json\/wp\/v2\/users\/1"}],"replies":[{"embeddable":true,"href":"https:\/\/suanoticiaaqui.com.br\/news\/wp-json\/wp\/v2\/comments?post=9309"}],"version-history":[{"count":1,"href":"https:\/\/suanoticiaaqui.com.br\/news\/wp-json\/wp\/v2\/posts\/9309\/revisions"}],"predecessor-version":[{"id":9311,"href":"https:\/\/suanoticiaaqui.com.br\/news\/wp-json\/wp\/v2\/posts\/9309\/revisions\/9311"}],"wp:featuredmedia":[{"embeddable":true,"href":"https:\/\/suanoticiaaqui.com.br\/news\/wp-json\/wp\/v2\/media\/9310"}],"wp:attachment":[{"href":"https:\/\/suanoticiaaqui.com.br\/news\/wp-json\/wp\/v2\/media?parent=9309"}],"wp:term":[{"taxonomy":"category","embeddable":true,"href":"https:\/\/suanoticiaaqui.com.br\/news\/wp-json\/wp\/v2\/categories?post=9309"},{"taxonomy":"post_tag","embeddable":true,"href":"https:\/\/suanoticiaaqui.com.br\/news\/wp-json\/wp\/v2\/tags?post=9309"}],"curies":[{"name":"wp","href":"https:\/\/api.w.org\/{rel}","templated":true}]}}