{"id":9312,"date":"2026-03-06T17:01:10","date_gmt":"2026-03-06T21:01:10","guid":{"rendered":"https:\/\/suanoticiaaqui.com.br\/news\/?p=9312"},"modified":"2026-03-06T17:01:10","modified_gmt":"2026-03-06T21:01:10","slug":"pf-encontra-mensagem-de-doria-a-vorcaro-pedindo-encontro-reservado","status":"publish","type":"post","link":"https:\/\/suanoticiaaqui.com.br\/news\/2026\/03\/06\/pf-encontra-mensagem-de-doria-a-vorcaro-pedindo-encontro-reservado\/","title":{"rendered":"PF encontra mensagem de Doria a Vorcaro pedindo encontro reservado"},"content":{"rendered":"\n<p>Foto: \u00a9 Jos\u00e9 Cruz\/Ag\u00eancia Brasil<\/p>\n\n\n\n<p>Contato revelado em celular apreendido levanta questionamentos sobre o que o ex-governador teria \u201cescutado\u201d a respeito do banqueiro investigado.<\/p>\n\n\n\n<ul class=\"wp-block-list\">\n<li><a href=\"https:\/\/bradockshow.com.br\/author\/marcotoledo\/\"><\/a>por <a href=\"https:\/\/bradockshow.com.br\/author\/marcotoledo\/\">Marco Toledo<\/a><\/li>\n<\/ul>\n\n\n\n<p>Mensagens encontradas pela Pol\u00edcia Federal do Brasil no celular do empres\u00e1rio Daniel Vorcaro revelam contato do ex-governador de S\u00e3o Paulo, Jo\u00e3o Doria. No texto enviado, Doria escreveu: \u201cAmigo Daniel, boa tarde. Estou preocupado com voc\u00ea. Tenho escutado coisas que v\u00e3o precisar de rea\u00e7\u00e3o sua. Sempre com equil\u00edbrio e pondera\u00e7\u00e3o. Mas jamais com o sil\u00eancio. Vamos agendar um caf\u00e9?\u201d. Ap\u00f3s a mensagem, o ex-governador tamb\u00e9m tentou ligar para o banqueiro, que posteriormente retornou a chamada.<\/p>\n\n\n\n<p>De acordo com informa\u00e7\u00f5es divulgadas pela CNN Brasil, o conte\u00fado da conversa telef\u00f4nica n\u00e3o aparece nos arquivos analisados pelos investigadores. A assessoria de Doria confirmou o envio da mensagem, afirmando que ela foi encaminhada em maio de 2025 e classificou o contato como um gesto cordial entre conhecidos.<\/p>\n\n\n\n<p>O epis\u00f3dio surge no contexto das investiga\u00e7\u00f5es envolvendo o Banco Master. Doria \u00e9 fundador do LIDE \u2013 Grupo de L\u00edderes Empresariais, f\u00f3rum que re\u00fane autoridades e empres\u00e1rios em eventos internacionais, incluindo encontros realizados em Nova York. Investigadores informam que apenas parte dos mais de 100 dispositivos apreendidos no caso foi periciada at\u00e9 agora.<\/p>\n","protected":false},"excerpt":{"rendered":"<p>Foto: \u00a9 Jos\u00e9 Cruz\/Ag\u00eancia Brasil Contato revelado em celular apreendido levanta questionamentos sobre o que o ex-governador teria \u201cescutado\u201d a&hellip;<\/p>\n","protected":false},"author":1,"featured_media":9313,"comment_status":"open","ping_status":"open","sticky":false,"template":"","format":"standard","meta":{"footnotes":""},"categories":[1],"tags":[],"class_list":["post-9312","post","type-post","status-publish","format-standard","has-post-thumbnail","hentry","category-uncategorized"],"_links":{"self":[{"href":"https:\/\/suanoticiaaqui.com.br\/news\/wp-json\/wp\/v2\/posts\/9312","targetHints":{"allow":["GET"]}}],"collection":[{"href":"https:\/\/suanoticiaaqui.com.br\/news\/wp-json\/wp\/v2\/posts"}],"about":[{"href":"https:\/\/suanoticiaaqui.com.br\/news\/wp-json\/wp\/v2\/types\/post"}],"author":[{"embeddable":true,"href":"https:\/\/suanoticiaaqui.com.br\/news\/wp-json\/wp\/v2\/users\/1"}],"replies":[{"embeddable":true,"href":"https:\/\/suanoticiaaqui.com.br\/news\/wp-json\/wp\/v2\/comments?post=9312"}],"version-history":[{"count":1,"href":"https:\/\/suanoticiaaqui.com.br\/news\/wp-json\/wp\/v2\/posts\/9312\/revisions"}],"predecessor-version":[{"id":9314,"href":"https:\/\/suanoticiaaqui.com.br\/news\/wp-json\/wp\/v2\/posts\/9312\/revisions\/9314"}],"wp:featuredmedia":[{"embeddable":true,"href":"https:\/\/suanoticiaaqui.com.br\/news\/wp-json\/wp\/v2\/media\/9313"}],"wp:attachment":[{"href":"https:\/\/suanoticiaaqui.com.br\/news\/wp-json\/wp\/v2\/media?parent=9312"}],"wp:term":[{"taxonomy":"category","embeddable":true,"href":"https:\/\/suanoticiaaqui.com.br\/news\/wp-json\/wp\/v2\/categories?post=9312"},{"taxonomy":"post_tag","embeddable":true,"href":"https:\/\/suanoticiaaqui.com.br\/news\/wp-json\/wp\/v2\/tags?post=9312"}],"curies":[{"name":"wp","href":"https:\/\/api.w.org\/{rel}","templated":true}]}}