{"id":9318,"date":"2026-03-06T17:04:58","date_gmt":"2026-03-06T21:04:58","guid":{"rendered":"https:\/\/suanoticiaaqui.com.br\/news\/?p=9318"},"modified":"2026-03-06T17:04:58","modified_gmt":"2026-03-06T21:04:58","slug":"mensagens-de-vorcaro-a-moraes-no-dia-da-prisao-entram-no-radar-da-pf","status":"publish","type":"post","link":"https:\/\/suanoticiaaqui.com.br\/news\/2026\/03\/06\/mensagens-de-vorcaro-a-moraes-no-dia-da-prisao-entram-no-radar-da-pf\/","title":{"rendered":"Mensagens de Vorcaro a Moraes no dia da pris\u00e3o entram no radar da PF"},"content":{"rendered":"\n<p>Foto Reprodu\u00e7\u00e3o<\/p>\n\n\n\n<p>Relato indica contato por WhatsApp horas antes da deten\u00e7\u00e3o; conte\u00fado das respostas n\u00e3o p\u00f4de ser recuperado.<\/p>\n\n\n\n<ul class=\"wp-block-list\">\n<li><a href=\"https:\/\/bradockshow.com.br\/author\/marcotoledo\/\"><\/a>por <a href=\"https:\/\/bradockshow.com.br\/author\/marcotoledo\/\">Marco Toledo<\/a><\/li>\n<\/ul>\n\n\n\n<p>Segundo reportagem da jornalista Malu Gaspar, do jornal O Globo, o empres\u00e1rio Daniel Vorcaro enviou mensagens ao ministro do Supremo Tribunal Federal, Alexandre de Moraes, no dia em que foi preso pela primeira vez, em novembro de 2025. O registro no celular apreendido indica que, \u00e0s 7h19, Vorcaro escreveu: \u201cFiz uma correria aqui para tentar salvar. Alguma novidade? Conseguiu ter not\u00edcia ou bloquear?\u201d.<\/p>\n\n\n\n<p>De acordo com a apura\u00e7\u00e3o, Moraes respondeu \u00e0 mensagem, mas o conte\u00fado n\u00e3o ficou registrado porque teria sido enviado no formato de visualiza\u00e7\u00e3o \u00fanica do aplicativo WhatsApp, que se apaga ap\u00f3s a leitura. Investigadores tamb\u00e9m identificaram outro registro de conversa entre os dois em 1\u00ba de outubro de 2025, igualmente sem conte\u00fado preservado pelo mesmo motivo.<\/p>\n\n\n\n<p>A Pol\u00edcia Federal do Brasil confirmou a exist\u00eancia dos registros no aparelho apreendido durante a investiga\u00e7\u00e3o. Em nota, o gabinete de Moraes afirmou que o ministro n\u00e3o recebeu tais mensagens e classificou a informa\u00e7\u00e3o como falsa. Na mesma data, Vorcaro acabou detido no Aeroporto Internacional de S\u00e3o Paulo\/Guarulhos ao tentar embarcar para Dubai.<\/p>\n","protected":false},"excerpt":{"rendered":"<p>Foto Reprodu\u00e7\u00e3o Relato indica contato por WhatsApp horas antes da deten\u00e7\u00e3o; conte\u00fado das respostas n\u00e3o p\u00f4de ser recuperado. Segundo reportagem&hellip;<\/p>\n","protected":false},"author":1,"featured_media":9319,"comment_status":"open","ping_status":"open","sticky":false,"template":"","format":"standard","meta":{"footnotes":""},"categories":[1],"tags":[],"class_list":["post-9318","post","type-post","status-publish","format-standard","has-post-thumbnail","hentry","category-uncategorized"],"_links":{"self":[{"href":"https:\/\/suanoticiaaqui.com.br\/news\/wp-json\/wp\/v2\/posts\/9318","targetHints":{"allow":["GET"]}}],"collection":[{"href":"https:\/\/suanoticiaaqui.com.br\/news\/wp-json\/wp\/v2\/posts"}],"about":[{"href":"https:\/\/suanoticiaaqui.com.br\/news\/wp-json\/wp\/v2\/types\/post"}],"author":[{"embeddable":true,"href":"https:\/\/suanoticiaaqui.com.br\/news\/wp-json\/wp\/v2\/users\/1"}],"replies":[{"embeddable":true,"href":"https:\/\/suanoticiaaqui.com.br\/news\/wp-json\/wp\/v2\/comments?post=9318"}],"version-history":[{"count":1,"href":"https:\/\/suanoticiaaqui.com.br\/news\/wp-json\/wp\/v2\/posts\/9318\/revisions"}],"predecessor-version":[{"id":9320,"href":"https:\/\/suanoticiaaqui.com.br\/news\/wp-json\/wp\/v2\/posts\/9318\/revisions\/9320"}],"wp:featuredmedia":[{"embeddable":true,"href":"https:\/\/suanoticiaaqui.com.br\/news\/wp-json\/wp\/v2\/media\/9319"}],"wp:attachment":[{"href":"https:\/\/suanoticiaaqui.com.br\/news\/wp-json\/wp\/v2\/media?parent=9318"}],"wp:term":[{"taxonomy":"category","embeddable":true,"href":"https:\/\/suanoticiaaqui.com.br\/news\/wp-json\/wp\/v2\/categories?post=9318"},{"taxonomy":"post_tag","embeddable":true,"href":"https:\/\/suanoticiaaqui.com.br\/news\/wp-json\/wp\/v2\/tags?post=9318"}],"curies":[{"name":"wp","href":"https:\/\/api.w.org\/{rel}","templated":true}]}}