{"id":9321,"date":"2026-03-10T17:04:23","date_gmt":"2026-03-10T21:04:23","guid":{"rendered":"https:\/\/suanoticiaaqui.com.br\/news\/?p=9321"},"modified":"2026-03-10T17:04:23","modified_gmt":"2026-03-10T21:04:23","slug":"eua-preparam-classificacao-de-faccoes-brasileiras-como-organizacoes-terroristas","status":"publish","type":"post","link":"https:\/\/suanoticiaaqui.com.br\/news\/2026\/03\/10\/eua-preparam-classificacao-de-faccoes-brasileiras-como-organizacoes-terroristas\/","title":{"rendered":"EUA preparam classifica\u00e7\u00e3o de fac\u00e7\u00f5es brasileiras como organiza\u00e7\u00f5es terroristas"},"content":{"rendered":"\n<p>Foto Getty Images<\/p>\n\n\n\n<p>Medida discutida em Washington pode atingir diretamente o PCC e o Comando Vermelho com san\u00e7\u00f5es financeiras internacionais.<\/p>\n\n\n\n<ul class=\"wp-block-list\">\n<li><a href=\"https:\/\/bradockshow.com.br\/author\/marcotoledo\/\"><\/a>por <a href=\"https:\/\/bradockshow.com.br\/author\/marcotoledo\/\">Marco Toledo<\/a><\/li>\n<\/ul>\n\n\n\n<p>Segundo reportagem do UOL, fontes da administra\u00e7\u00e3o do presidente Donald Trump confirmaram que os Estados Unidos devem declarar o Primeiro Comando da Capital (PCC) e o Comando Vermelho como Organiza\u00e7\u00f5es Terroristas Estrangeiras nos pr\u00f3ximos dias. A documenta\u00e7\u00e3o j\u00e1 teria passado pelas ag\u00eancias federais e aguarda apenas a tramita\u00e7\u00e3o final junto ao Congresso e a publica\u00e7\u00e3o no Registro Federal. O processo est\u00e1 sob responsabilidade do secret\u00e1rio de Estado Marco Rubio.<\/p>\n\n\n\n<p>Na pr\u00e1tica, a classifica\u00e7\u00e3o permitiria congelamento de ativos, bloqueio de acesso ao sistema financeiro americano e san\u00e7\u00f5es do Tesouro dos EUA contra empresas ou indiv\u00edduos que mantenham rela\u00e7\u00f5es com as fac\u00e7\u00f5es. O chanceler Mauro Vieira teria buscado contato com Rubio ap\u00f3s tomar conhecimento da movimenta\u00e7\u00e3o diplom\u00e1tica.<\/p>\n\n\n\n<p>De acordo com a apura\u00e7\u00e3o, o governo de Luiz In\u00e1cio Lula da Silva manifestou oposi\u00e7\u00e3o \u00e0 designa\u00e7\u00e3o em ocasi\u00f5es anteriores, sob o argumento de que as fac\u00e7\u00f5es atuam como organiza\u00e7\u00f5es criminosas sem motiva\u00e7\u00e3o pol\u00edtica. J\u00e1 o deputado Eduardo Bolsonaro teria tratado do tema com o presidente argentino Javier Milei e com o presidente salvadorenho Nayib Bukele em articula\u00e7\u00f5es internacionais.<\/p>\n","protected":false},"excerpt":{"rendered":"<p>Foto Getty Images Medida discutida em Washington pode atingir diretamente o PCC e o Comando Vermelho com san\u00e7\u00f5es financeiras internacionais.&hellip;<\/p>\n","protected":false},"author":1,"featured_media":9322,"comment_status":"open","ping_status":"open","sticky":false,"template":"","format":"standard","meta":{"footnotes":""},"categories":[1],"tags":[],"class_list":["post-9321","post","type-post","status-publish","format-standard","has-post-thumbnail","hentry","category-uncategorized"],"_links":{"self":[{"href":"https:\/\/suanoticiaaqui.com.br\/news\/wp-json\/wp\/v2\/posts\/9321","targetHints":{"allow":["GET"]}}],"collection":[{"href":"https:\/\/suanoticiaaqui.com.br\/news\/wp-json\/wp\/v2\/posts"}],"about":[{"href":"https:\/\/suanoticiaaqui.com.br\/news\/wp-json\/wp\/v2\/types\/post"}],"author":[{"embeddable":true,"href":"https:\/\/suanoticiaaqui.com.br\/news\/wp-json\/wp\/v2\/users\/1"}],"replies":[{"embeddable":true,"href":"https:\/\/suanoticiaaqui.com.br\/news\/wp-json\/wp\/v2\/comments?post=9321"}],"version-history":[{"count":1,"href":"https:\/\/suanoticiaaqui.com.br\/news\/wp-json\/wp\/v2\/posts\/9321\/revisions"}],"predecessor-version":[{"id":9323,"href":"https:\/\/suanoticiaaqui.com.br\/news\/wp-json\/wp\/v2\/posts\/9321\/revisions\/9323"}],"wp:featuredmedia":[{"embeddable":true,"href":"https:\/\/suanoticiaaqui.com.br\/news\/wp-json\/wp\/v2\/media\/9322"}],"wp:attachment":[{"href":"https:\/\/suanoticiaaqui.com.br\/news\/wp-json\/wp\/v2\/media?parent=9321"}],"wp:term":[{"taxonomy":"category","embeddable":true,"href":"https:\/\/suanoticiaaqui.com.br\/news\/wp-json\/wp\/v2\/categories?post=9321"},{"taxonomy":"post_tag","embeddable":true,"href":"https:\/\/suanoticiaaqui.com.br\/news\/wp-json\/wp\/v2\/tags?post=9321"}],"curies":[{"name":"wp","href":"https:\/\/api.w.org\/{rel}","templated":true}]}}