{"id":9324,"date":"2026-03-10T17:06:14","date_gmt":"2026-03-10T21:06:14","guid":{"rendered":"https:\/\/suanoticiaaqui.com.br\/news\/?p=9324"},"modified":"2026-03-10T17:06:14","modified_gmt":"2026-03-10T21:06:14","slug":"moraes-e-citado-em-reportagem-sobre-visitas-a-mansao-ligada-a-vorcaro-em-trancoso","status":"publish","type":"post","link":"https:\/\/suanoticiaaqui.com.br\/news\/2026\/03\/10\/moraes-e-citado-em-reportagem-sobre-visitas-a-mansao-ligada-a-vorcaro-em-trancoso\/","title":{"rendered":"Moraes \u00e9 citado em reportagem sobre visitas \u00e0 mans\u00e3o ligada a Vorcaro em Trancoso"},"content":{"rendered":"\n<p>Foto por\u00a9 Fabio Rodrigues-Pozzebom\/ Ag\u00eancia Brasil<\/p>\n\n\n\n<p>Coluna afirma que ministro tamb\u00e9m frequentaria propriedade de luxo no sul da Bahia; STF nega qualquer viagem.<\/p>\n\n\n\n<ul class=\"wp-block-list\">\n<li><a href=\"https:\/\/bradockshow.com.br\/author\/marcotoledo\/\"><\/a>por <a href=\"https:\/\/bradockshow.com.br\/author\/marcotoledo\/\">Marco Toledo<\/a><\/li>\n<\/ul>\n\n\n\n<p>Segundo revela\u00e7\u00e3o do colunista Lauro Jardim, publicada no O Globo, o ministro Alexandre de Moraes teria frequentado n\u00e3o apenas a resid\u00eancia de Daniel Vorcaro em Bras\u00edlia, mas tamb\u00e9m uma mans\u00e3o associada ao banqueiro em Trancoso. A propriedade, segundo a coluna, possui cerca de 40 mil metros quadrados, 12 su\u00edtes e cinco bangal\u00f4s, sendo avaliada em aproximadamente R$ 300 milh\u00f5es.<\/p>\n\n\n\n<p>Em resposta, o Supremo Tribunal Federal divulgou nota oficial afirmando que a informa\u00e7\u00e3o \u00e9 \u201cintegralmente falsa\u201d e que Moraes \u201cjamais realizou qualquer viagem particular com Daniel Vorcaro para qualquer destino\u201d. A manifesta\u00e7\u00e3o foi enviada ap\u00f3s a publica\u00e7\u00e3o da coluna.<\/p>\n\n\n\n<p>O caso se soma a outras cita\u00e7\u00f5es envolvendo Vorcaro em investiga\u00e7\u00f5es conduzidas pela Pol\u00edcia Federal. O celular do empres\u00e1rio tornou-se pe\u00e7a central em apura\u00e7\u00f5es que analisam contatos e registros relacionados ao banco e a encontros com diversas autoridades.<\/p>\n","protected":false},"excerpt":{"rendered":"<p>Foto por\u00a9 Fabio Rodrigues-Pozzebom\/ Ag\u00eancia Brasil Coluna afirma que ministro tamb\u00e9m frequentaria propriedade de luxo no sul da Bahia; STF&hellip;<\/p>\n","protected":false},"author":1,"featured_media":9325,"comment_status":"open","ping_status":"open","sticky":false,"template":"","format":"standard","meta":{"footnotes":""},"categories":[1],"tags":[],"class_list":["post-9324","post","type-post","status-publish","format-standard","has-post-thumbnail","hentry","category-uncategorized"],"_links":{"self":[{"href":"https:\/\/suanoticiaaqui.com.br\/news\/wp-json\/wp\/v2\/posts\/9324","targetHints":{"allow":["GET"]}}],"collection":[{"href":"https:\/\/suanoticiaaqui.com.br\/news\/wp-json\/wp\/v2\/posts"}],"about":[{"href":"https:\/\/suanoticiaaqui.com.br\/news\/wp-json\/wp\/v2\/types\/post"}],"author":[{"embeddable":true,"href":"https:\/\/suanoticiaaqui.com.br\/news\/wp-json\/wp\/v2\/users\/1"}],"replies":[{"embeddable":true,"href":"https:\/\/suanoticiaaqui.com.br\/news\/wp-json\/wp\/v2\/comments?post=9324"}],"version-history":[{"count":1,"href":"https:\/\/suanoticiaaqui.com.br\/news\/wp-json\/wp\/v2\/posts\/9324\/revisions"}],"predecessor-version":[{"id":9326,"href":"https:\/\/suanoticiaaqui.com.br\/news\/wp-json\/wp\/v2\/posts\/9324\/revisions\/9326"}],"wp:featuredmedia":[{"embeddable":true,"href":"https:\/\/suanoticiaaqui.com.br\/news\/wp-json\/wp\/v2\/media\/9325"}],"wp:attachment":[{"href":"https:\/\/suanoticiaaqui.com.br\/news\/wp-json\/wp\/v2\/media?parent=9324"}],"wp:term":[{"taxonomy":"category","embeddable":true,"href":"https:\/\/suanoticiaaqui.com.br\/news\/wp-json\/wp\/v2\/categories?post=9324"},{"taxonomy":"post_tag","embeddable":true,"href":"https:\/\/suanoticiaaqui.com.br\/news\/wp-json\/wp\/v2\/tags?post=9324"}],"curies":[{"name":"wp","href":"https:\/\/api.w.org\/{rel}","templated":true}]}}