{"id":9327,"date":"2026-03-10T17:07:43","date_gmt":"2026-03-10T21:07:43","guid":{"rendered":"https:\/\/suanoticiaaqui.com.br\/news\/?p=9327"},"modified":"2026-03-10T17:07:43","modified_gmt":"2026-03-10T21:07:43","slug":"celular-de-socio-de-vorcaro-preocupa-aliados-em-campos-politicos-opostos","status":"publish","type":"post","link":"https:\/\/suanoticiaaqui.com.br\/news\/2026\/03\/10\/celular-de-socio-de-vorcaro-preocupa-aliados-em-campos-politicos-opostos\/","title":{"rendered":"Celular de s\u00f3cio de Vorcaro preocupa aliados em campos pol\u00edticos opostos"},"content":{"rendered":"\n<p>Foto por Rovena Rosa\/Ag\u00eancia Brasil<\/p>\n\n\n\n<p>Novo aparelho sob an\u00e1lise da PF amplia apreens\u00e3o em Bras\u00edlia e pode revelar conex\u00f5es inesperadas.<\/p>\n\n\n\n<ul class=\"wp-block-list\">\n<li><a href=\"https:\/\/bradockshow.com.br\/author\/marcotoledo\/\"><\/a>por <a href=\"https:\/\/bradockshow.com.br\/author\/marcotoledo\/\">Marco Toledo<\/a><\/li>\n<\/ul>\n\n\n\n<p>Segundo apura\u00e7\u00e3o do Metr\u00f3poles, o celular de Augusto Lima conhecido como Guga Lima e um dos principais s\u00f3cios de Daniel Vorcaro passou a gerar forte apreens\u00e3o na classe pol\u00edtica. Nos bastidores, interlocutores admitem que mensagens armazenadas no aparelho podem atingir aliados de diferentes campos pol\u00edticos.<\/p>\n\n\n\n<p>De acordo com a reportagem, Guga Lima mant\u00e9m proximidade com o ministro da Casa Civil Rui Costa e com o senador Jaques Wagner, ambos figuras influentes no cen\u00e1rio nacional. Ao mesmo tempo, tamb\u00e9m teria rela\u00e7\u00e3o com o ex-ministro Jo\u00e3o Roma, hoje lideran\u00e7a do Partido Liberal no Nordeste.<\/p>\n\n\n\n<p>O aparelho de Vorcaro j\u00e1 teria revelado contatos que incluem ministros do Supremo Tribunal Federal, integrantes do Congresso e nomes da m\u00eddia. Agora, o celular do s\u00f3cio pode abrir uma nova frente de revela\u00e7\u00f5es, sobretudo envolvendo articula\u00e7\u00f5es pol\u00edticas na regi\u00e3o Nordeste. A Pol\u00edcia Federal ainda analisa mais de 100 dispositivos apreendidos na investiga\u00e7\u00e3o.<\/p>\n","protected":false},"excerpt":{"rendered":"<p>Foto por Rovena Rosa\/Ag\u00eancia Brasil Novo aparelho sob an\u00e1lise da PF amplia apreens\u00e3o em Bras\u00edlia e pode revelar conex\u00f5es inesperadas.&hellip;<\/p>\n","protected":false},"author":1,"featured_media":9328,"comment_status":"open","ping_status":"open","sticky":false,"template":"","format":"standard","meta":{"footnotes":""},"categories":[1],"tags":[],"class_list":["post-9327","post","type-post","status-publish","format-standard","has-post-thumbnail","hentry","category-uncategorized"],"_links":{"self":[{"href":"https:\/\/suanoticiaaqui.com.br\/news\/wp-json\/wp\/v2\/posts\/9327","targetHints":{"allow":["GET"]}}],"collection":[{"href":"https:\/\/suanoticiaaqui.com.br\/news\/wp-json\/wp\/v2\/posts"}],"about":[{"href":"https:\/\/suanoticiaaqui.com.br\/news\/wp-json\/wp\/v2\/types\/post"}],"author":[{"embeddable":true,"href":"https:\/\/suanoticiaaqui.com.br\/news\/wp-json\/wp\/v2\/users\/1"}],"replies":[{"embeddable":true,"href":"https:\/\/suanoticiaaqui.com.br\/news\/wp-json\/wp\/v2\/comments?post=9327"}],"version-history":[{"count":1,"href":"https:\/\/suanoticiaaqui.com.br\/news\/wp-json\/wp\/v2\/posts\/9327\/revisions"}],"predecessor-version":[{"id":9329,"href":"https:\/\/suanoticiaaqui.com.br\/news\/wp-json\/wp\/v2\/posts\/9327\/revisions\/9329"}],"wp:featuredmedia":[{"embeddable":true,"href":"https:\/\/suanoticiaaqui.com.br\/news\/wp-json\/wp\/v2\/media\/9328"}],"wp:attachment":[{"href":"https:\/\/suanoticiaaqui.com.br\/news\/wp-json\/wp\/v2\/media?parent=9327"}],"wp:term":[{"taxonomy":"category","embeddable":true,"href":"https:\/\/suanoticiaaqui.com.br\/news\/wp-json\/wp\/v2\/categories?post=9327"},{"taxonomy":"post_tag","embeddable":true,"href":"https:\/\/suanoticiaaqui.com.br\/news\/wp-json\/wp\/v2\/tags?post=9327"}],"curies":[{"name":"wp","href":"https:\/\/api.w.org\/{rel}","templated":true}]}}