{"id":9330,"date":"2026-03-10T17:08:48","date_gmt":"2026-03-10T21:08:48","guid":{"rendered":"https:\/\/suanoticiaaqui.com.br\/news\/?p=9330"},"modified":"2026-03-10T17:08:48","modified_gmt":"2026-03-10T21:08:48","slug":"pressao-politica-cresce-e-aliados-defendem-que-lulinha-se-manifeste-publicamente","status":"publish","type":"post","link":"https:\/\/suanoticiaaqui.com.br\/news\/2026\/03\/10\/pressao-politica-cresce-e-aliados-defendem-que-lulinha-se-manifeste-publicamente\/","title":{"rendered":"Press\u00e3o pol\u00edtica cresce e aliados defendem que Lulinha se manifeste publicamente"},"content":{"rendered":"\n<p>Reprodu\u00e7\u00e3o<\/p>\n\n\n\n<p>Entorno do governo avalia impacto eleitoral ap\u00f3s avan\u00e7o das investiga\u00e7\u00f5es.<\/p>\n\n\n\n<ul class=\"wp-block-list\">\n<li><a href=\"https:\/\/bradockshow.com.br\/author\/marcotoledo\/\"><\/a>por <a href=\"https:\/\/bradockshow.com.br\/author\/marcotoledo\/\">Marco Toledo<\/a><\/li>\n<\/ul>\n\n\n\n<p>O ambiente pol\u00edtico em Bras\u00edlia ficou mais tenso diante das apura\u00e7\u00f5es envolvendo F\u00e1bio Lu\u00eds Lula da Silva. Segundo informa\u00e7\u00f5es divulgadas pela CNN Brasil e pela Gazeta do Povo, auxiliares do presidente Luiz In\u00e1cio Lula da Silva defendem que o empres\u00e1rio venha a p\u00fablico esclarecer sua situa\u00e7\u00e3o para reduzir o impacto pol\u00edtico do caso.<\/p>\n\n\n\n<p>A Pol\u00edcia Federal apontou ao Supremo Tribunal Federal a possibilidade de um \u201cv\u00ednculo indireto\u201d entre Lulinha e o chamado Careca do INSS. A liga\u00e7\u00e3o investigada envolveria a lobista Roberta Luchsinger, que teria recebido cerca de R$ 1,5 milh\u00e3o por intermedia\u00e7\u00f5es relacionadas ao caso.<\/p>\n\n\n\n<p>A defesa de Lulinha afirma que n\u00e3o h\u00e1 fundamento para medidas cautelares como pris\u00e3o preventiva e sustenta que o empres\u00e1rio colaborar\u00e1 voluntariamente com as investiga\u00e7\u00f5es. No plano institucional, o Supremo dever\u00e1 analisar nos pr\u00f3ximos dias questionamentos sobre a quebra de sigilo determinada pelo Congresso no \u00e2mbito das apura\u00e7\u00f5es.<\/p>\n","protected":false},"excerpt":{"rendered":"<p>Reprodu\u00e7\u00e3o Entorno do governo avalia impacto eleitoral ap\u00f3s avan\u00e7o das investiga\u00e7\u00f5es. O ambiente pol\u00edtico em Bras\u00edlia ficou mais tenso diante&hellip;<\/p>\n","protected":false},"author":1,"featured_media":9331,"comment_status":"open","ping_status":"open","sticky":false,"template":"","format":"standard","meta":{"footnotes":""},"categories":[1],"tags":[],"class_list":["post-9330","post","type-post","status-publish","format-standard","has-post-thumbnail","hentry","category-uncategorized"],"_links":{"self":[{"href":"https:\/\/suanoticiaaqui.com.br\/news\/wp-json\/wp\/v2\/posts\/9330","targetHints":{"allow":["GET"]}}],"collection":[{"href":"https:\/\/suanoticiaaqui.com.br\/news\/wp-json\/wp\/v2\/posts"}],"about":[{"href":"https:\/\/suanoticiaaqui.com.br\/news\/wp-json\/wp\/v2\/types\/post"}],"author":[{"embeddable":true,"href":"https:\/\/suanoticiaaqui.com.br\/news\/wp-json\/wp\/v2\/users\/1"}],"replies":[{"embeddable":true,"href":"https:\/\/suanoticiaaqui.com.br\/news\/wp-json\/wp\/v2\/comments?post=9330"}],"version-history":[{"count":1,"href":"https:\/\/suanoticiaaqui.com.br\/news\/wp-json\/wp\/v2\/posts\/9330\/revisions"}],"predecessor-version":[{"id":9332,"href":"https:\/\/suanoticiaaqui.com.br\/news\/wp-json\/wp\/v2\/posts\/9330\/revisions\/9332"}],"wp:featuredmedia":[{"embeddable":true,"href":"https:\/\/suanoticiaaqui.com.br\/news\/wp-json\/wp\/v2\/media\/9331"}],"wp:attachment":[{"href":"https:\/\/suanoticiaaqui.com.br\/news\/wp-json\/wp\/v2\/media?parent=9330"}],"wp:term":[{"taxonomy":"category","embeddable":true,"href":"https:\/\/suanoticiaaqui.com.br\/news\/wp-json\/wp\/v2\/categories?post=9330"},{"taxonomy":"post_tag","embeddable":true,"href":"https:\/\/suanoticiaaqui.com.br\/news\/wp-json\/wp\/v2\/tags?post=9330"}],"curies":[{"name":"wp","href":"https:\/\/api.w.org\/{rel}","templated":true}]}}